{"id":2861,"date":"2026-09-02T13:31:11","date_gmt":"2026-09-02T11:31:11","guid":{"rendered":"https:\/\/neues-mitteldeutschland.de\/?p=2861"},"modified":"2026-09-02T13:31:11","modified_gmt":"2026-09-02T11:31:11","slug":"geras-denkmale-oeffnen-wieder-ihre-tueren","status":"publish","type":"post","link":"https:\/\/www.neues-mitteldeutschland.de\/index.php\/2026\/09\/02\/geras-denkmale-oeffnen-wieder-ihre-tueren\/","title":{"rendered":"Geras Denkmale \u00f6ffnen wieder ihre T\u00fcren"},"content":{"rendered":"<p>Geras Denkmale \u00f6ffnen wieder ihre T\u00fcren<\/p>\n<p>Am 13. September l\u00e4dt Gera zum j\u00e4hrlichen Tag des offenen Denkmals\u00ae ein \u2013 mit 20 ge\u00f6ffneten Denkmalen, neuen Einblicken und einem vielf\u00e4ltigen Programm. Bereits am Vorabend stimmt die Nacht der Kirchen auf das Wochenende ein.<\/p>\n<p>Gera ist und bleibt Denkmalhauptstadt. Mit 621 Kulturdenkmalen, 50 Gartendenkmalen und 21 Denkmalensembles verf\u00fcgt die Stadt \u00fcber einen au\u00dfergew\u00f6hnlich reichen baukulturellen Schatz. Einmal im Jahr wird dieser besonders sichtbar: Beim Tag des offenen Denkmals \u00f6ffnen Geb\u00e4ude ihre T\u00fcren, die sonst oft verschlossen bleiben und ihre ganz eigenen Geschichten erz\u00e4hlen. Gera m\u00f6chte in diesem Jahr an den gro\u00dfen Erfolg des vergangenen Jahres mit der bundesweiten Er\u00f6ffnung ankn\u00fcpfen. Damals kamen mehr als 17.000 Menschen in die Denkmalhauptstadt, um historische Geb\u00e4ude zu entdecken, an F\u00fchrungen teilzunehmen und Geschichte hautnah zu erleben. Lange Schlangen vor dem Kultur- und Kongresszentrum, der ehemaligen SED-Bezirksleitung und an zahlreichen weiteren Denkmalen zeigten, wie gro\u00df das Interesse an Geras Geschichte und Baukultur ist.<\/p>\n<p>2026 steht der Tag unter dem Motto \u201eNetzWERKE: Denkmale &amp; Infrastruktur\u201c. Insgesamt 20 Denkmale laden dazu ein, Bekanntes neu zu entdecken und Orte kennenzulernen, die sonst nicht \u00f6ffentlich zug\u00e4nglich sind. Mit dabei sind bew\u00e4hrte Publikumslieblinge wie die Kirchen oder Villen ebenso wie bisher nicht ge\u00f6ffnete Objekte.<\/p>\n<p>Besondere Orte entdecken<\/p>\n<p>Im Pfarrgut Niebra haben die dortigen Mieter ein pers\u00f6nliches Programm und den Workshop \u201eZeichne das Denkmal\u201c vorbereitet. Das Bahnbetriebswerk Gera ist zwar kein eingetragenes Denkmal, passt mit seinem historischen Lokschuppen und seiner Eisenbahngeschichte aber hervorragend zum diesj\u00e4hrigen Motto. F\u00fchrungen, eine Fahrzeugausstellung, Schauschmieden und eine Mini-Dampfeisenbahn machen den Besuch besonders f\u00fcr Familien interessant. Ein besonderer Blick lohnt sich auch auf das Kultur- und Kongresszentrum (KuK). Das herausragende Bauwerk der Geraer Ostmoderne kann vor seiner geplanten Sanierung noch einmal im Rahmen des Denkmaltages besichtigt werden. St\u00fcndliche F\u00fchrungen geben Einblicke in die Architektur, die Geschichte und die besondere Ausstattung des Hauses.<\/p>\n<p>Auch die Villa Steudner in der Wiesestra\u00dfe \u00f6ffnet ihre T\u00fcren und erm\u00f6glicht eine Besichtigung des in den vergangenen Jahren denkmalgerecht sanierten Geb\u00e4udes. In der H\u00e4selburg erwartet die Besucherinnen und Besucher sogar ein umfangreiches Kulturprogramm \u00fcber das gesamte Wochenende \u2013 von F\u00fchrungen und Ausstellungen \u00fcber Workshops bis zu Gespr\u00e4chen und Konzerten.<\/p>\n<p>Der Tag des offenen Denkmals ist dabei weit mehr als ein Blick in alte Geb\u00e4ude. Denkmale machen Stadtgeschichte sichtbar. Ihr Erhalt bewahrt damit nicht nur historische Bausubstanz, sondern auch einen Teil der Identit\u00e4t unserer Stadt. Der Tag des offenen Denkmals\u00ae l\u00e4dt dazu ein, diesen Wert selbst zu entdecken.<\/p>\n","protected":false},"excerpt":{"rendered":"<p>Geras Denkmale \u00f6ffnen wieder ihre T\u00fcren Am 13. September l\u00e4dt Gera zum j\u00e4hrlichen Tag des offenen Denkmals\u00ae ein \u2013 mit 20 ge\u00f6ffneten Denkmalen, neuen Einblicken und einem vielf\u00e4ltigen Programm. Bereits am Vorabend stimmt die Nacht der Kirchen auf das Wochenende ein. Gera ist und bleibt Denkmalhauptstadt. Mit 621 Kulturdenkmalen, 50 Gartendenkmalen und 21 Denkmalensembles verf\u00fcgt [&hellip;]<\/p>\n","protected":false},"author":1,"featured_media":134,"comment_status":"closed","ping_status":"open","sticky":false,"template":"","format":"standard","meta":{"footnotes":""},"categories":[22],"tags":[],"class_list":["post-2861","post","type-post","status-publish","format-standard","has-post-thumbnail","hentry","category-gera"],"yoast_head":"<!-- This site is optimized with the Yoast SEO plugin v28.2 - https:\/\/yoast.com\/product\/yoast-seo-wordpress\/ -->\n<title>Geras Denkmale \u00f6ffnen wieder ihre T\u00fcren -<\/title>\n<meta name=\"robots\" content=\"index, follow, max-snippet:-1, max-image-preview:large, max-video-preview:-1\" \/>\n<link rel=\"canonical\" href=\"https:\/\/neues-mitteldeutschland.de\/index.php\/2026\/09\/02\/geras-denkmale-oeffnen-wieder-ihre-tueren\/\" \/>\n<meta property=\"og:locale\" content=\"de_DE\" \/>\n<meta property=\"og:type\" content=\"article\" \/>\n<meta property=\"og:title\" content=\"Geras Denkmale \u00f6ffnen wieder ihre T\u00fcren -\" \/>\n<meta property=\"og:description\" content=\"Geras Denkmale \u00f6ffnen wieder ihre T\u00fcren Am 13. September l\u00e4dt Gera zum j\u00e4hrlichen Tag des offenen Denkmals\u00ae ein \u2013 mit 20 ge\u00f6ffneten Denkmalen, neuen Einblicken und einem vielf\u00e4ltigen Programm. Bereits am Vorabend stimmt die Nacht der Kirchen auf das Wochenende ein. Gera ist und bleibt Denkmalhauptstadt. Mit 621 Kulturdenkmalen, 50 Gartendenkmalen und 21 Denkmalensembles verf\u00fcgt [&hellip;]\" \/>\n<meta property=\"og:url\" content=\"https:\/\/neues-mitteldeutschland.de\/index.php\/2026\/09\/02\/geras-denkmale-oeffnen-wieder-ihre-tueren\/\" \/>\n<meta property=\"article:publisher\" content=\"https:\/\/www.facebook.com\/NeuesMitteldeutschland\" \/>\n<meta property=\"article:published_time\" content=\"2026-09-02T11:31:11+00:00\" \/>\n<meta name=\"author\" content=\"NMD-Admin\" \/>\n<meta name=\"twitter:card\" content=\"summary_large_image\" \/>\n<meta name=\"twitter:label1\" content=\"Verfasst von\" \/>\n\t<meta name=\"twitter:data1\" content=\"NMD-Admin\" \/>\n\t<meta name=\"twitter:label2\" content=\"Gesch\u00e4tzte Lesezeit\" \/>\n\t<meta name=\"twitter:data2\" content=\"3\u00a0Minuten\" \/>\n<script type=\"application\/ld+json\" class=\"yoast-schema-graph\">{\"@context\":\"https:\\\/\\\/schema.org\",\"@graph\":[{\"@type\":\"Article\",\"@id\":\"https:\\\/\\\/neues-mitteldeutschland.de\\\/index.php\\\/2026\\\/09\\\/02\\\/geras-denkmale-oeffnen-wieder-ihre-tueren\\\/#article\",\"isPartOf\":{\"@id\":\"https:\\\/\\\/neues-mitteldeutschland.de\\\/index.php\\\/2026\\\/09\\\/02\\\/geras-denkmale-oeffnen-wieder-ihre-tueren\\\/\"},\"author\":{\"name\":\"NMD-Admin\",\"@id\":\"https:\\\/\\\/neues-mitteldeutschland.de\\\/#\\\/schema\\\/person\\\/a035875f548cacf83c2f6b0011631327\"},\"headline\":\"Geras Denkmale \u00f6ffnen wieder ihre T\u00fcren\",\"datePublished\":\"2026-09-02T11:31:11+00:00\",\"mainEntityOfPage\":{\"@id\":\"https:\\\/\\\/neues-mitteldeutschland.de\\\/index.php\\\/2026\\\/09\\\/02\\\/geras-denkmale-oeffnen-wieder-ihre-tueren\\\/\"},\"wordCount\":433,\"publisher\":{\"@id\":\"https:\\\/\\\/neues-mitteldeutschland.de\\\/#organization\"},\"image\":{\"@id\":\"https:\\\/\\\/neues-mitteldeutschland.de\\\/index.php\\\/2026\\\/09\\\/02\\\/geras-denkmale-oeffnen-wieder-ihre-tueren\\\/#primaryimage\"},\"thumbnailUrl\":\"https:\\\/\\\/www.neues-mitteldeutschland.de\\\/wp-content\\\/uploads\\\/2025\\\/10\\\/Portaleintrag_Gera.jpg\",\"articleSection\":[\"Gera\"],\"inLanguage\":\"de\"},{\"@type\":\"WebPage\",\"@id\":\"https:\\\/\\\/neues-mitteldeutschland.de\\\/index.php\\\/2026\\\/09\\\/02\\\/geras-denkmale-oeffnen-wieder-ihre-tueren\\\/\",\"url\":\"https:\\\/\\\/neues-mitteldeutschland.de\\\/index.php\\\/2026\\\/09\\\/02\\\/geras-denkmale-oeffnen-wieder-ihre-tueren\\\/\",\"name\":\"Geras Denkmale \u00f6ffnen wieder ihre T\u00fcren -\",\"isPartOf\":{\"@id\":\"https:\\\/\\\/neues-mitteldeutschland.de\\\/#website\"},\"primaryImageOfPage\":{\"@id\":\"https:\\\/\\\/neues-mitteldeutschland.de\\\/index.php\\\/2026\\\/09\\\/02\\\/geras-denkmale-oeffnen-wieder-ihre-tueren\\\/#primaryimage\"},\"image\":{\"@id\":\"https:\\\/\\\/neues-mitteldeutschland.de\\\/index.php\\\/2026\\\/09\\\/02\\\/geras-denkmale-oeffnen-wieder-ihre-tueren\\\/#primaryimage\"},\"thumbnailUrl\":\"https:\\\/\\\/www.neues-mitteldeutschland.de\\\/wp-content\\\/uploads\\\/2025\\\/10\\\/Portaleintrag_Gera.jpg\",\"datePublished\":\"2026-09-02T11:31:11+00:00\",\"breadcrumb\":{\"@id\":\"https:\\\/\\\/neues-mitteldeutschland.de\\\/index.php\\\/2026\\\/09\\\/02\\\/geras-denkmale-oeffnen-wieder-ihre-tueren\\\/#breadcrumb\"},\"inLanguage\":\"de\",\"potentialAction\":[{\"@type\":\"ReadAction\",\"target\":[\"https:\\\/\\\/neues-mitteldeutschland.de\\\/index.php\\\/2026\\\/09\\\/02\\\/geras-denkmale-oeffnen-wieder-ihre-tueren\\\/\"]}]},{\"@type\":\"ImageObject\",\"inLanguage\":\"de\",\"@id\":\"https:\\\/\\\/neues-mitteldeutschland.de\\\/index.php\\\/2026\\\/09\\\/02\\\/geras-denkmale-oeffnen-wieder-ihre-tueren\\\/#primaryimage\",\"url\":\"https:\\\/\\\/www.neues-mitteldeutschland.de\\\/wp-content\\\/uploads\\\/2025\\\/10\\\/Portaleintrag_Gera.jpg\",\"contentUrl\":\"https:\\\/\\\/www.neues-mitteldeutschland.de\\\/wp-content\\\/uploads\\\/2025\\\/10\\\/Portaleintrag_Gera.jpg\",\"width\":1200,\"height\":626},{\"@type\":\"BreadcrumbList\",\"@id\":\"https:\\\/\\\/neues-mitteldeutschland.de\\\/index.php\\\/2026\\\/09\\\/02\\\/geras-denkmale-oeffnen-wieder-ihre-tueren\\\/#breadcrumb\",\"itemListElement\":[{\"@type\":\"ListItem\",\"position\":1,\"name\":\"Start\",\"item\":\"https:\\\/\\\/neues-mitteldeutschland.de\\\/\"},{\"@type\":\"ListItem\",\"position\":2,\"name\":\"Geras Denkmale \u00f6ffnen wieder ihre T\u00fcren\"}]},{\"@type\":\"WebSite\",\"@id\":\"https:\\\/\\\/neues-mitteldeutschland.de\\\/#website\",\"url\":\"https:\\\/\\\/neues-mitteldeutschland.de\\\/\",\"name\":\"Neues-Mitteldeutschland\",\"description\":\"Ihre Werbeagentur, Nachrichten- &amp; Branchenportal\",\"publisher\":{\"@id\":\"https:\\\/\\\/neues-mitteldeutschland.de\\\/#organization\"},\"potentialAction\":[{\"@type\":\"SearchAction\",\"target\":{\"@type\":\"EntryPoint\",\"urlTemplate\":\"https:\\\/\\\/neues-mitteldeutschland.de\\\/?s={search_term_string}\"},\"query-input\":{\"@type\":\"PropertyValueSpecification\",\"valueRequired\":true,\"valueName\":\"search_term_string\"}}],\"inLanguage\":\"de\"},{\"@type\":\"Organization\",\"@id\":\"https:\\\/\\\/neues-mitteldeutschland.de\\\/#organization\",\"name\":\"Neues-Mitteldeutschland\",\"url\":\"https:\\\/\\\/neues-mitteldeutschland.de\\\/\",\"logo\":{\"@type\":\"ImageObject\",\"inLanguage\":\"de\",\"@id\":\"https:\\\/\\\/neues-mitteldeutschland.de\\\/#\\\/schema\\\/logo\\\/image\\\/\",\"url\":\"https:\\\/\\\/www.neues-mitteldeutschland.de\\\/wp-content\\\/uploads\\\/2026\\\/01\\\/cropped-Logo-Banner.jpg\",\"contentUrl\":\"https:\\\/\\\/www.neues-mitteldeutschland.de\\\/wp-content\\\/uploads\\\/2026\\\/01\\\/cropped-Logo-Banner.jpg\",\"width\":1152,\"height\":170,\"caption\":\"Neues-Mitteldeutschland\"},\"image\":{\"@id\":\"https:\\\/\\\/neues-mitteldeutschland.de\\\/#\\\/schema\\\/logo\\\/image\\\/\"},\"sameAs\":[\"https:\\\/\\\/www.facebook.com\\\/NeuesMitteldeutschland\",\"https:\\\/\\\/www.instagram.com\\\/neues_mitteldeutschland_gc\\\/\"]},{\"@type\":\"Person\",\"@id\":\"https:\\\/\\\/neues-mitteldeutschland.de\\\/#\\\/schema\\\/person\\\/a035875f548cacf83c2f6b0011631327\",\"name\":\"NMD-Admin\",\"image\":{\"@type\":\"ImageObject\",\"inLanguage\":\"de\",\"@id\":\"https:\\\/\\\/secure.gravatar.com\\\/avatar\\\/4c19fba03af26e7fee85b847ac08e68b88b74f1044c942c04173631c7e2607f5?s=96&d=mm&r=g\",\"url\":\"https:\\\/\\\/secure.gravatar.com\\\/avatar\\\/4c19fba03af26e7fee85b847ac08e68b88b74f1044c942c04173631c7e2607f5?s=96&d=mm&r=g\",\"contentUrl\":\"https:\\\/\\\/secure.gravatar.com\\\/avatar\\\/4c19fba03af26e7fee85b847ac08e68b88b74f1044c942c04173631c7e2607f5?s=96&d=mm&r=g\",\"caption\":\"NMD-Admin\"},\"sameAs\":[\"http:\\\/\\\/neuesmitteldeutschland.test\"],\"url\":\"https:\\\/\\\/www.neues-mitteldeutschland.de\\\/index.php\\\/author\\\/nmd-admin\\\/\"}]}<\/script>\n<!-- \/ Yoast SEO plugin. -->","yoast_head_json":{"title":"Geras Denkmale \u00f6ffnen wieder ihre T\u00fcren -","robots":{"index":"index","follow":"follow","max-snippet":"max-snippet:-1","max-image-preview":"max-image-preview:large","max-video-preview":"max-video-preview:-1"},"canonical":"https:\/\/neues-mitteldeutschland.de\/index.php\/2026\/09\/02\/geras-denkmale-oeffnen-wieder-ihre-tueren\/","og_locale":"de_DE","og_type":"article","og_title":"Geras Denkmale \u00f6ffnen wieder ihre T\u00fcren -","og_description":"Geras Denkmale \u00f6ffnen wieder ihre T\u00fcren Am 13. September l\u00e4dt Gera zum j\u00e4hrlichen Tag des offenen Denkmals\u00ae ein \u2013 mit 20 ge\u00f6ffneten Denkmalen, neuen Einblicken und einem vielf\u00e4ltigen Programm. Bereits am Vorabend stimmt die Nacht der Kirchen auf das Wochenende ein. Gera ist und bleibt Denkmalhauptstadt. Mit 621 Kulturdenkmalen, 50 Gartendenkmalen und 21 Denkmalensembles verf\u00fcgt [&hellip;]","og_url":"https:\/\/neues-mitteldeutschland.de\/index.php\/2026\/09\/02\/geras-denkmale-oeffnen-wieder-ihre-tueren\/","article_publisher":"https:\/\/www.facebook.com\/NeuesMitteldeutschland","article_published_time":"2026-09-02T11:31:11+00:00","author":"NMD-Admin","twitter_card":"summary_large_image","twitter_misc":{"Verfasst von":"NMD-Admin","Gesch\u00e4tzte Lesezeit":"3\u00a0Minuten"},"schema":{"@context":"https:\/\/schema.org","@graph":[{"@type":"Article","@id":"https:\/\/neues-mitteldeutschland.de\/index.php\/2026\/09\/02\/geras-denkmale-oeffnen-wieder-ihre-tueren\/#article","isPartOf":{"@id":"https:\/\/neues-mitteldeutschland.de\/index.php\/2026\/09\/02\/geras-denkmale-oeffnen-wieder-ihre-tueren\/"},"author":{"name":"NMD-Admin","@id":"https:\/\/neues-mitteldeutschland.de\/#\/schema\/person\/a035875f548cacf83c2f6b0011631327"},"headline":"Geras Denkmale \u00f6ffnen wieder ihre T\u00fcren","datePublished":"2026-09-02T11:31:11+00:00","mainEntityOfPage":{"@id":"https:\/\/neues-mitteldeutschland.de\/index.php\/2026\/09\/02\/geras-denkmale-oeffnen-wieder-ihre-tueren\/"},"wordCount":433,"publisher":{"@id":"https:\/\/neues-mitteldeutschland.de\/#organization"},"image":{"@id":"https:\/\/neues-mitteldeutschland.de\/index.php\/2026\/09\/02\/geras-denkmale-oeffnen-wieder-ihre-tueren\/#primaryimage"},"thumbnailUrl":"https:\/\/www.neues-mitteldeutschland.de\/wp-content\/uploads\/2025\/10\/Portaleintrag_Gera.jpg","articleSection":["Gera"],"inLanguage":"de"},{"@type":"WebPage","@id":"https:\/\/neues-mitteldeutschland.de\/index.php\/2026\/09\/02\/geras-denkmale-oeffnen-wieder-ihre-tueren\/","url":"https:\/\/neues-mitteldeutschland.de\/index.php\/2026\/09\/02\/geras-denkmale-oeffnen-wieder-ihre-tueren\/","name":"Geras Denkmale \u00f6ffnen wieder ihre T\u00fcren -","isPartOf":{"@id":"https:\/\/neues-mitteldeutschland.de\/#website"},"primaryImageOfPage":{"@id":"https:\/\/neues-mitteldeutschland.de\/index.php\/2026\/09\/02\/geras-denkmale-oeffnen-wieder-ihre-tueren\/#primaryimage"},"image":{"@id":"https:\/\/neues-mitteldeutschland.de\/index.php\/2026\/09\/02\/geras-denkmale-oeffnen-wieder-ihre-tueren\/#primaryimage"},"thumbnailUrl":"https:\/\/www.neues-mitteldeutschland.de\/wp-content\/uploads\/2025\/10\/Portaleintrag_Gera.jpg","datePublished":"2026-09-02T11:31:11+00:00","breadcrumb":{"@id":"https:\/\/neues-mitteldeutschland.de\/index.php\/2026\/09\/02\/geras-denkmale-oeffnen-wieder-ihre-tueren\/#breadcrumb"},"inLanguage":"de","potentialAction":[{"@type":"ReadAction","target":["https:\/\/neues-mitteldeutschland.de\/index.php\/2026\/09\/02\/geras-denkmale-oeffnen-wieder-ihre-tueren\/"]}]},{"@type":"ImageObject","inLanguage":"de","@id":"https:\/\/neues-mitteldeutschland.de\/index.php\/2026\/09\/02\/geras-denkmale-oeffnen-wieder-ihre-tueren\/#primaryimage","url":"https:\/\/www.neues-mitteldeutschland.de\/wp-content\/uploads\/2025\/10\/Portaleintrag_Gera.jpg","contentUrl":"https:\/\/www.neues-mitteldeutschland.de\/wp-content\/uploads\/2025\/10\/Portaleintrag_Gera.jpg","width":1200,"height":626},{"@type":"BreadcrumbList","@id":"https:\/\/neues-mitteldeutschland.de\/index.php\/2026\/09\/02\/geras-denkmale-oeffnen-wieder-ihre-tueren\/#breadcrumb","itemListElement":[{"@type":"ListItem","position":1,"name":"Start","item":"https:\/\/neues-mitteldeutschland.de\/"},{"@type":"ListItem","position":2,"name":"Geras Denkmale \u00f6ffnen wieder ihre T\u00fcren"}]},{"@type":"WebSite","@id":"https:\/\/neues-mitteldeutschland.de\/#website","url":"https:\/\/neues-mitteldeutschland.de\/","name":"Neues-Mitteldeutschland","description":"Ihre Werbeagentur, Nachrichten- &amp; Branchenportal","publisher":{"@id":"https:\/\/neues-mitteldeutschland.de\/#organization"},"potentialAction":[{"@type":"SearchAction","target":{"@type":"EntryPoint","urlTemplate":"https:\/\/neues-mitteldeutschland.de\/?s={search_term_string}"},"query-input":{"@type":"PropertyValueSpecification","valueRequired":true,"valueName":"search_term_string"}}],"inLanguage":"de"},{"@type":"Organization","@id":"https:\/\/neues-mitteldeutschland.de\/#organization","name":"Neues-Mitteldeutschland","url":"https:\/\/neues-mitteldeutschland.de\/","logo":{"@type":"ImageObject","inLanguage":"de","@id":"https:\/\/neues-mitteldeutschland.de\/#\/schema\/logo\/image\/","url":"https:\/\/www.neues-mitteldeutschland.de\/wp-content\/uploads\/2026\/01\/cropped-Logo-Banner.jpg","contentUrl":"https:\/\/www.neues-mitteldeutschland.de\/wp-content\/uploads\/2026\/01\/cropped-Logo-Banner.jpg","width":1152,"height":170,"caption":"Neues-Mitteldeutschland"},"image":{"@id":"https:\/\/neues-mitteldeutschland.de\/#\/schema\/logo\/image\/"},"sameAs":["https:\/\/www.facebook.com\/NeuesMitteldeutschland","https:\/\/www.instagram.com\/neues_mitteldeutschland_gc\/"]},{"@type":"Person","@id":"https:\/\/neues-mitteldeutschland.de\/#\/schema\/person\/a035875f548cacf83c2f6b0011631327","name":"NMD-Admin","image":{"@type":"ImageObject","inLanguage":"de","@id":"https:\/\/secure.gravatar.com\/avatar\/4c19fba03af26e7fee85b847ac08e68b88b74f1044c942c04173631c7e2607f5?s=96&d=mm&r=g","url":"https:\/\/secure.gravatar.com\/avatar\/4c19fba03af26e7fee85b847ac08e68b88b74f1044c942c04173631c7e2607f5?s=96&d=mm&r=g","contentUrl":"https:\/\/secure.gravatar.com\/avatar\/4c19fba03af26e7fee85b847ac08e68b88b74f1044c942c04173631c7e2607f5?s=96&d=mm&r=g","caption":"NMD-Admin"},"sameAs":["http:\/\/neuesmitteldeutschland.test"],"url":"https:\/\/www.neues-mitteldeutschland.de\/index.php\/author\/nmd-admin\/"}]}},"publishpress_future_action":{"enabled":true,"date":"2026-09-14 13:25:33","action":"delete","newStatus":"draft","terms":[0],"taxonomy":"category","extraData":[]},"publishpress_future_workflow_manual_trigger":{"enabledWorkflows":[]},"_links":{"self":[{"href":"https:\/\/www.neues-mitteldeutschland.de\/index.php\/wp-json\/wp\/v2\/posts\/2861","targetHints":{"allow":["GET"]}}],"collection":[{"href":"https:\/\/www.neues-mitteldeutschland.de\/index.php\/wp-json\/wp\/v2\/posts"}],"about":[{"href":"https:\/\/www.neues-mitteldeutschland.de\/index.php\/wp-json\/wp\/v2\/types\/post"}],"author":[{"embeddable":true,"href":"https:\/\/www.neues-mitteldeutschland.de\/index.php\/wp-json\/wp\/v2\/users\/1"}],"replies":[{"embeddable":true,"href":"https:\/\/www.neues-mitteldeutschland.de\/index.php\/wp-json\/wp\/v2\/comments?post=2861"}],"version-history":[{"count":1,"href":"https:\/\/www.neues-mitteldeutschland.de\/index.php\/wp-json\/wp\/v2\/posts\/2861\/revisions"}],"predecessor-version":[{"id":2862,"href":"https:\/\/www.neues-mitteldeutschland.de\/index.php\/wp-json\/wp\/v2\/posts\/2861\/revisions\/2862"}],"wp:featuredmedia":[{"embeddable":true,"href":"https:\/\/www.neues-mitteldeutschland.de\/index.php\/wp-json\/wp\/v2\/media\/134"}],"wp:attachment":[{"href":"https:\/\/www.neues-mitteldeutschland.de\/index.php\/wp-json\/wp\/v2\/media?parent=2861"}],"wp:term":[{"taxonomy":"category","embeddable":true,"href":"https:\/\/www.neues-mitteldeutschland.de\/index.php\/wp-json\/wp\/v2\/categories?post=2861"},{"taxonomy":"post_tag","embeddable":true,"href":"https:\/\/www.neues-mitteldeutschland.de\/index.php\/wp-json\/wp\/v2\/tags?post=2861"}],"curies":[{"name":"wp","href":"https:\/\/api.w.org\/{rel}","templated":true}]}}