{"id":2863,"date":"2026-09-02T13:34:35","date_gmt":"2026-09-02T11:34:35","guid":{"rendered":"https:\/\/neues-mitteldeutschland.de\/?p=2863"},"modified":"2026-09-02T13:34:35","modified_gmt":"2026-09-02T11:34:35","slug":"wissen-in-leipzig-das-kneipengespraech-zur-zur-landtagswahl-in-sachsen-anhalt","status":"publish","type":"post","link":"https:\/\/www.neues-mitteldeutschland.de\/index.php\/2026\/09\/02\/wissen-in-leipzig-das-kneipengespraech-zur-zur-landtagswahl-in-sachsen-anhalt\/","title":{"rendered":"Wissen in Leipzig: Das Kneipengespr\u00e4ch zur zur Landtagswahl in Sachsen-Anhalt"},"content":{"rendered":"<p>Wissen in Leipzig: Das Kneipengespr\u00e4ch zur zur Landtagswahl in Sachsen-Anhalt<\/p>\n<p>Das Referat Wissenspolitik der Stadt Leipzig l\u00e4dt zur n\u00e4chsten Veranstaltung der Reihe \u201eWissen in Leipzig: Das Kneipengespr\u00e4ch\u201c ein. Am Dienstag, den 8. September 2026, 18 Uhr, kommen Experten mit interessierten B\u00fcrgerinnen und B\u00fcrgern in der Gastst\u00e4tte Gambrinus (Odermannstra\u00dfe 12) \u00fcber die Ergebnisse der Landtagswahl in Sachsen-Anhalt ins Gespr\u00e4ch.<\/p>\n<p>Am 6. September 2026 wird in Sachsen-Anhalt ein neuer Landtag gew\u00e4hlt. Nach aktuellen Prognosen k\u00f6nnte erstmals die AfD die absolute Mehrheit in einem Landesparlament erringen und damit in Regierungsverantwortung kommen. Gemeinsam mit Dr. Hendrik Tr\u00e4ger und Dr. Alexander Leistner von der Universit\u00e4t Leipzig analysiert die Runde die Gr\u00fcnde und Folgen des Wahlergebnisses: Wieso wurde so gew\u00e4hlt? Worin liegen die Ursachen f\u00fcr die jeweiligen Ergebnisse der Parteien? Wie k\u00f6nnte eine Regierungsbildung aussehen? Welche M\u00f6glichkeiten h\u00e4tte eine AfD-gef\u00fchrte Landesregierung? Und welche Folgen hat das Ergebnis f\u00fcr die Bundespolitik?<\/p>\n<p>Dr. Hendrik Tr\u00e4ger ist Politikwissenschaftler und besch\u00e4ftigt sich schwerpunktm\u00e4\u00dfig mit den Parteien und Wahlen auf kommunaler, Landes-, Bundes- und europ\u00e4ischer Ebene sowie mit den Entscheidungsprozessen im deutschen F\u00f6deralismus. Seit 2014 arbeitet er am Arbeitsbereich \u201ePolitisches System Deutschlands und Politik in Europa\u201c am Institut f\u00fcr Politikwissenschaft der Universit\u00e4t Leipzig. Er ist stellvertretender Vorsitzender des \u201eS\u00e4chsischen Kompetenzzentrums f\u00fcr Landes- und Kommunalpolitik (SKLK)&#8220;. Zuletzt forschte er zu ehrenamtlichem Engagement in der Kommunalpolitik in s\u00e4chsischen Gemeinder\u00e4ten.<\/p>\n<p>Dr. Alexander Leistner ist Soziologe und Kulturwissenschaftler an der Universit\u00e4t Leipzig. Am Institut f\u00fcr Kulturwissenschaften der Universit\u00e4t Leipzig leitete er das Forschungsprojekt des damaligen Bundesministeriums f\u00fcr Bildung und Forschung (BMBF \u2013 heute: Bundesministerium f\u00fcr Forschung, Technologie und Raumfahrt (BMFTR)) \u201eDas umstrittene Erbe von 1989\u201c und die Taskforce \u201eWays across the Country \u2013 Demokratie in Transformationslandschaften\u201c. Zu seinen j\u00fcngeren Publikationen z\u00e4hlt das 2025 erschienene Buch \u201eExtremwetterlagen. Reportagen aus einem neuen Deutschland&#8220;. Es zeichnet dabei ein dichtes Bild einer Krise der liberalen Demokratie, die l\u00e4ngst \u00fcber Ostdeutschland hinausgewachsen ist.<\/p>\n<p>In der Veranstaltungsreihe \u201eWissen in Leipzig: Das Kneipengespr\u00e4ch\u201c ordnen Wissenschaftler und Expertinnen tagesaktuelle Themen ein. Die Gastst\u00e4tte Gambrinus bietet au\u00dferhalb der Hochschule einen Raum f\u00fcr den Austausch zwischen der Forschung und interessierten B\u00fcrgerinnen und B\u00fcrgern, um in lockerer Runde zu aktuellen Themen ins Gespr\u00e4ch zu kommen. Nachdem die \u201eKneipengespr\u00e4che\u201c bisher im Hotel Seeblick stattfanden, wird die Gastst\u00e4tte Gambrinus nun jeden zweiten Dienstag im Monat der neue Veranstaltungsort sein<\/p>\n","protected":false},"excerpt":{"rendered":"<p>Wissen in Leipzig: Das Kneipengespr\u00e4ch zur zur Landtagswahl in Sachsen-Anhalt Das Referat Wissenspolitik der Stadt Leipzig l\u00e4dt zur n\u00e4chsten Veranstaltung der Reihe \u201eWissen in Leipzig: Das Kneipengespr\u00e4ch\u201c ein. Am Dienstag, den 8. September 2026, 18 Uhr, kommen Experten mit interessierten B\u00fcrgerinnen und B\u00fcrgern in der Gastst\u00e4tte Gambrinus (Odermannstra\u00dfe 12) \u00fcber die Ergebnisse der Landtagswahl in [&hellip;]<\/p>\n","protected":false},"author":1,"featured_media":132,"comment_status":"closed","ping_status":"open","sticky":false,"template":"","format":"standard","meta":{"footnotes":""},"categories":[24],"tags":[],"class_list":["post-2863","post","type-post","status-publish","format-standard","has-post-thumbnail","hentry","category-leipzig"],"yoast_head":"<!-- This site is optimized with the Yoast SEO plugin v28.2 - https:\/\/yoast.com\/product\/yoast-seo-wordpress\/ -->\n<title>Wissen in Leipzig: Das Kneipengespr\u00e4ch zur zur Landtagswahl in Sachsen-Anhalt -<\/title>\n<meta name=\"robots\" content=\"index, follow, max-snippet:-1, max-image-preview:large, max-video-preview:-1\" \/>\n<link rel=\"canonical\" href=\"https:\/\/neues-mitteldeutschland.de\/index.php\/2026\/09\/02\/wissen-in-leipzig-das-kneipengespraech-zur-zur-landtagswahl-in-sachsen-anhalt\/\" \/>\n<meta property=\"og:locale\" content=\"de_DE\" \/>\n<meta property=\"og:type\" content=\"article\" \/>\n<meta property=\"og:title\" content=\"Wissen in Leipzig: Das Kneipengespr\u00e4ch zur zur Landtagswahl in Sachsen-Anhalt -\" \/>\n<meta property=\"og:description\" content=\"Wissen in Leipzig: Das Kneipengespr\u00e4ch zur zur Landtagswahl in Sachsen-Anhalt Das Referat Wissenspolitik der Stadt Leipzig l\u00e4dt zur n\u00e4chsten Veranstaltung der Reihe \u201eWissen in Leipzig: Das Kneipengespr\u00e4ch\u201c ein. Am Dienstag, den 8. September 2026, 18 Uhr, kommen Experten mit interessierten B\u00fcrgerinnen und B\u00fcrgern in der Gastst\u00e4tte Gambrinus (Odermannstra\u00dfe 12) \u00fcber die Ergebnisse der Landtagswahl in [&hellip;]\" \/>\n<meta property=\"og:url\" content=\"https:\/\/neues-mitteldeutschland.de\/index.php\/2026\/09\/02\/wissen-in-leipzig-das-kneipengespraech-zur-zur-landtagswahl-in-sachsen-anhalt\/\" \/>\n<meta property=\"article:publisher\" content=\"https:\/\/www.facebook.com\/NeuesMitteldeutschland\" \/>\n<meta property=\"article:published_time\" content=\"2026-09-02T11:34:35+00:00\" \/>\n<meta name=\"author\" content=\"NMD-Admin\" \/>\n<meta name=\"twitter:card\" content=\"summary_large_image\" \/>\n<meta name=\"twitter:label1\" content=\"Verfasst von\" \/>\n\t<meta name=\"twitter:data1\" content=\"NMD-Admin\" \/>\n\t<meta name=\"twitter:label2\" content=\"Gesch\u00e4tzte Lesezeit\" \/>\n\t<meta name=\"twitter:data2\" content=\"3\u00a0Minuten\" \/>\n<script type=\"application\/ld+json\" class=\"yoast-schema-graph\">{\"@context\":\"https:\\\/\\\/schema.org\",\"@graph\":[{\"@type\":\"Article\",\"@id\":\"https:\\\/\\\/neues-mitteldeutschland.de\\\/index.php\\\/2026\\\/09\\\/02\\\/wissen-in-leipzig-das-kneipengespraech-zur-zur-landtagswahl-in-sachsen-anhalt\\\/#article\",\"isPartOf\":{\"@id\":\"https:\\\/\\\/neues-mitteldeutschland.de\\\/index.php\\\/2026\\\/09\\\/02\\\/wissen-in-leipzig-das-kneipengespraech-zur-zur-landtagswahl-in-sachsen-anhalt\\\/\"},\"author\":{\"name\":\"NMD-Admin\",\"@id\":\"https:\\\/\\\/neues-mitteldeutschland.de\\\/#\\\/schema\\\/person\\\/a035875f548cacf83c2f6b0011631327\"},\"headline\":\"Wissen in Leipzig: Das Kneipengespr\u00e4ch zur zur Landtagswahl in Sachsen-Anhalt\",\"datePublished\":\"2026-09-02T11:34:35+00:00\",\"mainEntityOfPage\":{\"@id\":\"https:\\\/\\\/neues-mitteldeutschland.de\\\/index.php\\\/2026\\\/09\\\/02\\\/wissen-in-leipzig-das-kneipengespraech-zur-zur-landtagswahl-in-sachsen-anhalt\\\/\"},\"wordCount\":420,\"publisher\":{\"@id\":\"https:\\\/\\\/neues-mitteldeutschland.de\\\/#organization\"},\"image\":{\"@id\":\"https:\\\/\\\/neues-mitteldeutschland.de\\\/index.php\\\/2026\\\/09\\\/02\\\/wissen-in-leipzig-das-kneipengespraech-zur-zur-landtagswahl-in-sachsen-anhalt\\\/#primaryimage\"},\"thumbnailUrl\":\"https:\\\/\\\/www.neues-mitteldeutschland.de\\\/wp-content\\\/uploads\\\/2025\\\/10\\\/Portaleintrag_Leipzig.jpg\",\"articleSection\":[\"Leipzig\"],\"inLanguage\":\"de\"},{\"@type\":\"WebPage\",\"@id\":\"https:\\\/\\\/neues-mitteldeutschland.de\\\/index.php\\\/2026\\\/09\\\/02\\\/wissen-in-leipzig-das-kneipengespraech-zur-zur-landtagswahl-in-sachsen-anhalt\\\/\",\"url\":\"https:\\\/\\\/neues-mitteldeutschland.de\\\/index.php\\\/2026\\\/09\\\/02\\\/wissen-in-leipzig-das-kneipengespraech-zur-zur-landtagswahl-in-sachsen-anhalt\\\/\",\"name\":\"Wissen in Leipzig: Das Kneipengespr\u00e4ch zur zur Landtagswahl in Sachsen-Anhalt -\",\"isPartOf\":{\"@id\":\"https:\\\/\\\/neues-mitteldeutschland.de\\\/#website\"},\"primaryImageOfPage\":{\"@id\":\"https:\\\/\\\/neues-mitteldeutschland.de\\\/index.php\\\/2026\\\/09\\\/02\\\/wissen-in-leipzig-das-kneipengespraech-zur-zur-landtagswahl-in-sachsen-anhalt\\\/#primaryimage\"},\"image\":{\"@id\":\"https:\\\/\\\/neues-mitteldeutschland.de\\\/index.php\\\/2026\\\/09\\\/02\\\/wissen-in-leipzig-das-kneipengespraech-zur-zur-landtagswahl-in-sachsen-anhalt\\\/#primaryimage\"},\"thumbnailUrl\":\"https:\\\/\\\/www.neues-mitteldeutschland.de\\\/wp-content\\\/uploads\\\/2025\\\/10\\\/Portaleintrag_Leipzig.jpg\",\"datePublished\":\"2026-09-02T11:34:35+00:00\",\"breadcrumb\":{\"@id\":\"https:\\\/\\\/neues-mitteldeutschland.de\\\/index.php\\\/2026\\\/09\\\/02\\\/wissen-in-leipzig-das-kneipengespraech-zur-zur-landtagswahl-in-sachsen-anhalt\\\/#breadcrumb\"},\"inLanguage\":\"de\",\"potentialAction\":[{\"@type\":\"ReadAction\",\"target\":[\"https:\\\/\\\/neues-mitteldeutschland.de\\\/index.php\\\/2026\\\/09\\\/02\\\/wissen-in-leipzig-das-kneipengespraech-zur-zur-landtagswahl-in-sachsen-anhalt\\\/\"]}]},{\"@type\":\"ImageObject\",\"inLanguage\":\"de\",\"@id\":\"https:\\\/\\\/neues-mitteldeutschland.de\\\/index.php\\\/2026\\\/09\\\/02\\\/wissen-in-leipzig-das-kneipengespraech-zur-zur-landtagswahl-in-sachsen-anhalt\\\/#primaryimage\",\"url\":\"https:\\\/\\\/www.neues-mitteldeutschland.de\\\/wp-content\\\/uploads\\\/2025\\\/10\\\/Portaleintrag_Leipzig.jpg\",\"contentUrl\":\"https:\\\/\\\/www.neues-mitteldeutschland.de\\\/wp-content\\\/uploads\\\/2025\\\/10\\\/Portaleintrag_Leipzig.jpg\",\"width\":1200,\"height\":626},{\"@type\":\"BreadcrumbList\",\"@id\":\"https:\\\/\\\/neues-mitteldeutschland.de\\\/index.php\\\/2026\\\/09\\\/02\\\/wissen-in-leipzig-das-kneipengespraech-zur-zur-landtagswahl-in-sachsen-anhalt\\\/#breadcrumb\",\"itemListElement\":[{\"@type\":\"ListItem\",\"position\":1,\"name\":\"Start\",\"item\":\"https:\\\/\\\/neues-mitteldeutschland.de\\\/\"},{\"@type\":\"ListItem\",\"position\":2,\"name\":\"Wissen in Leipzig: Das Kneipengespr\u00e4ch zur zur Landtagswahl in Sachsen-Anhalt\"}]},{\"@type\":\"WebSite\",\"@id\":\"https:\\\/\\\/neues-mitteldeutschland.de\\\/#website\",\"url\":\"https:\\\/\\\/neues-mitteldeutschland.de\\\/\",\"name\":\"Neues-Mitteldeutschland\",\"description\":\"Ihre Werbeagentur, Nachrichten- &amp; Branchenportal\",\"publisher\":{\"@id\":\"https:\\\/\\\/neues-mitteldeutschland.de\\\/#organization\"},\"potentialAction\":[{\"@type\":\"SearchAction\",\"target\":{\"@type\":\"EntryPoint\",\"urlTemplate\":\"https:\\\/\\\/neues-mitteldeutschland.de\\\/?s={search_term_string}\"},\"query-input\":{\"@type\":\"PropertyValueSpecification\",\"valueRequired\":true,\"valueName\":\"search_term_string\"}}],\"inLanguage\":\"de\"},{\"@type\":\"Organization\",\"@id\":\"https:\\\/\\\/neues-mitteldeutschland.de\\\/#organization\",\"name\":\"Neues-Mitteldeutschland\",\"url\":\"https:\\\/\\\/neues-mitteldeutschland.de\\\/\",\"logo\":{\"@type\":\"ImageObject\",\"inLanguage\":\"de\",\"@id\":\"https:\\\/\\\/neues-mitteldeutschland.de\\\/#\\\/schema\\\/logo\\\/image\\\/\",\"url\":\"https:\\\/\\\/www.neues-mitteldeutschland.de\\\/wp-content\\\/uploads\\\/2026\\\/01\\\/cropped-Logo-Banner.jpg\",\"contentUrl\":\"https:\\\/\\\/www.neues-mitteldeutschland.de\\\/wp-content\\\/uploads\\\/2026\\\/01\\\/cropped-Logo-Banner.jpg\",\"width\":1152,\"height\":170,\"caption\":\"Neues-Mitteldeutschland\"},\"image\":{\"@id\":\"https:\\\/\\\/neues-mitteldeutschland.de\\\/#\\\/schema\\\/logo\\\/image\\\/\"},\"sameAs\":[\"https:\\\/\\\/www.facebook.com\\\/NeuesMitteldeutschland\",\"https:\\\/\\\/www.instagram.com\\\/neues_mitteldeutschland_gc\\\/\"]},{\"@type\":\"Person\",\"@id\":\"https:\\\/\\\/neues-mitteldeutschland.de\\\/#\\\/schema\\\/person\\\/a035875f548cacf83c2f6b0011631327\",\"name\":\"NMD-Admin\",\"image\":{\"@type\":\"ImageObject\",\"inLanguage\":\"de\",\"@id\":\"https:\\\/\\\/secure.gravatar.com\\\/avatar\\\/4c19fba03af26e7fee85b847ac08e68b88b74f1044c942c04173631c7e2607f5?s=96&d=mm&r=g\",\"url\":\"https:\\\/\\\/secure.gravatar.com\\\/avatar\\\/4c19fba03af26e7fee85b847ac08e68b88b74f1044c942c04173631c7e2607f5?s=96&d=mm&r=g\",\"contentUrl\":\"https:\\\/\\\/secure.gravatar.com\\\/avatar\\\/4c19fba03af26e7fee85b847ac08e68b88b74f1044c942c04173631c7e2607f5?s=96&d=mm&r=g\",\"caption\":\"NMD-Admin\"},\"sameAs\":[\"http:\\\/\\\/neuesmitteldeutschland.test\"],\"url\":\"https:\\\/\\\/www.neues-mitteldeutschland.de\\\/index.php\\\/author\\\/nmd-admin\\\/\"}]}<\/script>\n<!-- \/ Yoast SEO plugin. -->","yoast_head_json":{"title":"Wissen in Leipzig: Das Kneipengespr\u00e4ch zur zur Landtagswahl in Sachsen-Anhalt -","robots":{"index":"index","follow":"follow","max-snippet":"max-snippet:-1","max-image-preview":"max-image-preview:large","max-video-preview":"max-video-preview:-1"},"canonical":"https:\/\/neues-mitteldeutschland.de\/index.php\/2026\/09\/02\/wissen-in-leipzig-das-kneipengespraech-zur-zur-landtagswahl-in-sachsen-anhalt\/","og_locale":"de_DE","og_type":"article","og_title":"Wissen in Leipzig: Das Kneipengespr\u00e4ch zur zur Landtagswahl in Sachsen-Anhalt -","og_description":"Wissen in Leipzig: Das Kneipengespr\u00e4ch zur zur Landtagswahl in Sachsen-Anhalt Das Referat Wissenspolitik der Stadt Leipzig l\u00e4dt zur n\u00e4chsten Veranstaltung der Reihe \u201eWissen in Leipzig: Das Kneipengespr\u00e4ch\u201c ein. Am Dienstag, den 8. September 2026, 18 Uhr, kommen Experten mit interessierten B\u00fcrgerinnen und B\u00fcrgern in der Gastst\u00e4tte Gambrinus (Odermannstra\u00dfe 12) \u00fcber die Ergebnisse der Landtagswahl in [&hellip;]","og_url":"https:\/\/neues-mitteldeutschland.de\/index.php\/2026\/09\/02\/wissen-in-leipzig-das-kneipengespraech-zur-zur-landtagswahl-in-sachsen-anhalt\/","article_publisher":"https:\/\/www.facebook.com\/NeuesMitteldeutschland","article_published_time":"2026-09-02T11:34:35+00:00","author":"NMD-Admin","twitter_card":"summary_large_image","twitter_misc":{"Verfasst von":"NMD-Admin","Gesch\u00e4tzte Lesezeit":"3\u00a0Minuten"},"schema":{"@context":"https:\/\/schema.org","@graph":[{"@type":"Article","@id":"https:\/\/neues-mitteldeutschland.de\/index.php\/2026\/09\/02\/wissen-in-leipzig-das-kneipengespraech-zur-zur-landtagswahl-in-sachsen-anhalt\/#article","isPartOf":{"@id":"https:\/\/neues-mitteldeutschland.de\/index.php\/2026\/09\/02\/wissen-in-leipzig-das-kneipengespraech-zur-zur-landtagswahl-in-sachsen-anhalt\/"},"author":{"name":"NMD-Admin","@id":"https:\/\/neues-mitteldeutschland.de\/#\/schema\/person\/a035875f548cacf83c2f6b0011631327"},"headline":"Wissen in Leipzig: Das Kneipengespr\u00e4ch zur zur Landtagswahl in Sachsen-Anhalt","datePublished":"2026-09-02T11:34:35+00:00","mainEntityOfPage":{"@id":"https:\/\/neues-mitteldeutschland.de\/index.php\/2026\/09\/02\/wissen-in-leipzig-das-kneipengespraech-zur-zur-landtagswahl-in-sachsen-anhalt\/"},"wordCount":420,"publisher":{"@id":"https:\/\/neues-mitteldeutschland.de\/#organization"},"image":{"@id":"https:\/\/neues-mitteldeutschland.de\/index.php\/2026\/09\/02\/wissen-in-leipzig-das-kneipengespraech-zur-zur-landtagswahl-in-sachsen-anhalt\/#primaryimage"},"thumbnailUrl":"https:\/\/www.neues-mitteldeutschland.de\/wp-content\/uploads\/2025\/10\/Portaleintrag_Leipzig.jpg","articleSection":["Leipzig"],"inLanguage":"de"},{"@type":"WebPage","@id":"https:\/\/neues-mitteldeutschland.de\/index.php\/2026\/09\/02\/wissen-in-leipzig-das-kneipengespraech-zur-zur-landtagswahl-in-sachsen-anhalt\/","url":"https:\/\/neues-mitteldeutschland.de\/index.php\/2026\/09\/02\/wissen-in-leipzig-das-kneipengespraech-zur-zur-landtagswahl-in-sachsen-anhalt\/","name":"Wissen in Leipzig: Das Kneipengespr\u00e4ch zur zur Landtagswahl in Sachsen-Anhalt -","isPartOf":{"@id":"https:\/\/neues-mitteldeutschland.de\/#website"},"primaryImageOfPage":{"@id":"https:\/\/neues-mitteldeutschland.de\/index.php\/2026\/09\/02\/wissen-in-leipzig-das-kneipengespraech-zur-zur-landtagswahl-in-sachsen-anhalt\/#primaryimage"},"image":{"@id":"https:\/\/neues-mitteldeutschland.de\/index.php\/2026\/09\/02\/wissen-in-leipzig-das-kneipengespraech-zur-zur-landtagswahl-in-sachsen-anhalt\/#primaryimage"},"thumbnailUrl":"https:\/\/www.neues-mitteldeutschland.de\/wp-content\/uploads\/2025\/10\/Portaleintrag_Leipzig.jpg","datePublished":"2026-09-02T11:34:35+00:00","breadcrumb":{"@id":"https:\/\/neues-mitteldeutschland.de\/index.php\/2026\/09\/02\/wissen-in-leipzig-das-kneipengespraech-zur-zur-landtagswahl-in-sachsen-anhalt\/#breadcrumb"},"inLanguage":"de","potentialAction":[{"@type":"ReadAction","target":["https:\/\/neues-mitteldeutschland.de\/index.php\/2026\/09\/02\/wissen-in-leipzig-das-kneipengespraech-zur-zur-landtagswahl-in-sachsen-anhalt\/"]}]},{"@type":"ImageObject","inLanguage":"de","@id":"https:\/\/neues-mitteldeutschland.de\/index.php\/2026\/09\/02\/wissen-in-leipzig-das-kneipengespraech-zur-zur-landtagswahl-in-sachsen-anhalt\/#primaryimage","url":"https:\/\/www.neues-mitteldeutschland.de\/wp-content\/uploads\/2025\/10\/Portaleintrag_Leipzig.jpg","contentUrl":"https:\/\/www.neues-mitteldeutschland.de\/wp-content\/uploads\/2025\/10\/Portaleintrag_Leipzig.jpg","width":1200,"height":626},{"@type":"BreadcrumbList","@id":"https:\/\/neues-mitteldeutschland.de\/index.php\/2026\/09\/02\/wissen-in-leipzig-das-kneipengespraech-zur-zur-landtagswahl-in-sachsen-anhalt\/#breadcrumb","itemListElement":[{"@type":"ListItem","position":1,"name":"Start","item":"https:\/\/neues-mitteldeutschland.de\/"},{"@type":"ListItem","position":2,"name":"Wissen in Leipzig: Das Kneipengespr\u00e4ch zur zur Landtagswahl in Sachsen-Anhalt"}]},{"@type":"WebSite","@id":"https:\/\/neues-mitteldeutschland.de\/#website","url":"https:\/\/neues-mitteldeutschland.de\/","name":"Neues-Mitteldeutschland","description":"Ihre Werbeagentur, Nachrichten- &amp; Branchenportal","publisher":{"@id":"https:\/\/neues-mitteldeutschland.de\/#organization"},"potentialAction":[{"@type":"SearchAction","target":{"@type":"EntryPoint","urlTemplate":"https:\/\/neues-mitteldeutschland.de\/?s={search_term_string}"},"query-input":{"@type":"PropertyValueSpecification","valueRequired":true,"valueName":"search_term_string"}}],"inLanguage":"de"},{"@type":"Organization","@id":"https:\/\/neues-mitteldeutschland.de\/#organization","name":"Neues-Mitteldeutschland","url":"https:\/\/neues-mitteldeutschland.de\/","logo":{"@type":"ImageObject","inLanguage":"de","@id":"https:\/\/neues-mitteldeutschland.de\/#\/schema\/logo\/image\/","url":"https:\/\/www.neues-mitteldeutschland.de\/wp-content\/uploads\/2026\/01\/cropped-Logo-Banner.jpg","contentUrl":"https:\/\/www.neues-mitteldeutschland.de\/wp-content\/uploads\/2026\/01\/cropped-Logo-Banner.jpg","width":1152,"height":170,"caption":"Neues-Mitteldeutschland"},"image":{"@id":"https:\/\/neues-mitteldeutschland.de\/#\/schema\/logo\/image\/"},"sameAs":["https:\/\/www.facebook.com\/NeuesMitteldeutschland","https:\/\/www.instagram.com\/neues_mitteldeutschland_gc\/"]},{"@type":"Person","@id":"https:\/\/neues-mitteldeutschland.de\/#\/schema\/person\/a035875f548cacf83c2f6b0011631327","name":"NMD-Admin","image":{"@type":"ImageObject","inLanguage":"de","@id":"https:\/\/secure.gravatar.com\/avatar\/4c19fba03af26e7fee85b847ac08e68b88b74f1044c942c04173631c7e2607f5?s=96&d=mm&r=g","url":"https:\/\/secure.gravatar.com\/avatar\/4c19fba03af26e7fee85b847ac08e68b88b74f1044c942c04173631c7e2607f5?s=96&d=mm&r=g","contentUrl":"https:\/\/secure.gravatar.com\/avatar\/4c19fba03af26e7fee85b847ac08e68b88b74f1044c942c04173631c7e2607f5?s=96&d=mm&r=g","caption":"NMD-Admin"},"sameAs":["http:\/\/neuesmitteldeutschland.test"],"url":"https:\/\/www.neues-mitteldeutschland.de\/index.php\/author\/nmd-admin\/"}]}},"publishpress_future_action":{"enabled":true,"date":"2026-09-07 13:31:15","action":"delete","newStatus":"draft","terms":[0],"taxonomy":"category","extraData":[]},"publishpress_future_workflow_manual_trigger":{"enabledWorkflows":[]},"_links":{"self":[{"href":"https:\/\/www.neues-mitteldeutschland.de\/index.php\/wp-json\/wp\/v2\/posts\/2863","targetHints":{"allow":["GET"]}}],"collection":[{"href":"https:\/\/www.neues-mitteldeutschland.de\/index.php\/wp-json\/wp\/v2\/posts"}],"about":[{"href":"https:\/\/www.neues-mitteldeutschland.de\/index.php\/wp-json\/wp\/v2\/types\/post"}],"author":[{"embeddable":true,"href":"https:\/\/www.neues-mitteldeutschland.de\/index.php\/wp-json\/wp\/v2\/users\/1"}],"replies":[{"embeddable":true,"href":"https:\/\/www.neues-mitteldeutschland.de\/index.php\/wp-json\/wp\/v2\/comments?post=2863"}],"version-history":[{"count":1,"href":"https:\/\/www.neues-mitteldeutschland.de\/index.php\/wp-json\/wp\/v2\/posts\/2863\/revisions"}],"predecessor-version":[{"id":2864,"href":"https:\/\/www.neues-mitteldeutschland.de\/index.php\/wp-json\/wp\/v2\/posts\/2863\/revisions\/2864"}],"wp:featuredmedia":[{"embeddable":true,"href":"https:\/\/www.neues-mitteldeutschland.de\/index.php\/wp-json\/wp\/v2\/media\/132"}],"wp:attachment":[{"href":"https:\/\/www.neues-mitteldeutschland.de\/index.php\/wp-json\/wp\/v2\/media?parent=2863"}],"wp:term":[{"taxonomy":"category","embeddable":true,"href":"https:\/\/www.neues-mitteldeutschland.de\/index.php\/wp-json\/wp\/v2\/categories?post=2863"},{"taxonomy":"post_tag","embeddable":true,"href":"https:\/\/www.neues-mitteldeutschland.de\/index.php\/wp-json\/wp\/v2\/tags?post=2863"}],"curies":[{"name":"wp","href":"https:\/\/api.w.org\/{rel}","templated":true}]}}