{"id":2865,"date":"2026-09-02T13:40:09","date_gmt":"2026-09-02T11:40:09","guid":{"rendered":"https:\/\/neues-mitteldeutschland.de\/?p=2865"},"modified":"2026-09-02T13:40:09","modified_gmt":"2026-09-02T11:40:09","slug":"die-stadt-leipzig-und-die-leipziger-gruppe-informieren-digitale-veranstaltung-stellt-plaene-zum-ausbau-des-torgauer-platzes-vor","status":"publish","type":"post","link":"https:\/\/www.neues-mitteldeutschland.de\/index.php\/2026\/09\/02\/die-stadt-leipzig-und-die-leipziger-gruppe-informieren-digitale-veranstaltung-stellt-plaene-zum-ausbau-des-torgauer-platzes-vor\/","title":{"rendered":"Die Stadt Leipzig und die Leipziger Gruppe informieren: Digitale Veranstaltung stellt Pl\u00e4ne zum Ausbau des Torgauer Platzes vor"},"content":{"rendered":"<p>Die Stadt Leipzig und die Leipziger Gruppe informieren: Digitale Veranstaltung stellt Pl\u00e4ne zum Ausbau des Torgauer Platzes vor<\/p>\n<p>Ab M\u00e4rz 2027 wollen die Stadt Leipzig und die Leipziger Gruppe in Leipzig-Volkmarsdorf gemeinsam die Infrastruktur am Torgauer Platz ausbauen. Vertreter der Bauherren stellen am Donnerstag, dem 10. September 2026, ab 18:30 Uhr in einem digitalen Format die geplante Gro\u00dfbauma\u00dfnahme vor und beantworten Fragen dazu.<\/p>\n<p>Der Link zum Live-Stream und n\u00e4here Informationen zur Bauma\u00dfnahme sind auf der Webseite www.leipzig.de\/torgauer-platz verf\u00fcgbar. Eine Anmeldung zur Veranstaltung ist nicht erforderlich. Ein Video der Veranstaltung wird im Anschluss auf der Webseite zur Verf\u00fcgung stehen.<\/p>\n<p>Fragen zur Bauma\u00dfnahme k\u00f6nnen vorab an das E-Mail-Postfach torgauer-platz@leipzig.de gesandt werden und flie\u00dfen in die Veranstaltung mit ein oder werden im Anschluss per E-Mail beantwortet.<\/p>\n","protected":false},"excerpt":{"rendered":"<p>Die Stadt Leipzig und die Leipziger Gruppe informieren: Digitale Veranstaltung stellt Pl\u00e4ne zum Ausbau des Torgauer Platzes vor Ab M\u00e4rz 2027 wollen die Stadt Leipzig und die Leipziger Gruppe in Leipzig-Volkmarsdorf gemeinsam die Infrastruktur am Torgauer Platz ausbauen. Vertreter der Bauherren stellen am Donnerstag, dem 10. September 2026, ab 18:30 Uhr in einem digitalen Format [&hellip;]<\/p>\n","protected":false},"author":1,"featured_media":132,"comment_status":"closed","ping_status":"open","sticky":false,"template":"","format":"standard","meta":{"footnotes":""},"categories":[24],"tags":[],"class_list":["post-2865","post","type-post","status-publish","format-standard","has-post-thumbnail","hentry","category-leipzig"],"yoast_head":"<!-- This site is optimized with the Yoast SEO plugin v28.2 - https:\/\/yoast.com\/product\/yoast-seo-wordpress\/ -->\n<title>Die Stadt Leipzig und die Leipziger Gruppe informieren: Digitale Veranstaltung stellt Pl\u00e4ne zum Ausbau des Torgauer Platzes vor -<\/title>\n<meta name=\"robots\" content=\"index, follow, max-snippet:-1, max-image-preview:large, max-video-preview:-1\" \/>\n<link rel=\"canonical\" href=\"https:\/\/neues-mitteldeutschland.de\/index.php\/2026\/09\/02\/die-stadt-leipzig-und-die-leipziger-gruppe-informieren-digitale-veranstaltung-stellt-plaene-zum-ausbau-des-torgauer-platzes-vor\/\" \/>\n<meta property=\"og:locale\" content=\"de_DE\" \/>\n<meta property=\"og:type\" content=\"article\" \/>\n<meta property=\"og:title\" content=\"Die Stadt Leipzig und die Leipziger Gruppe informieren: Digitale Veranstaltung stellt Pl\u00e4ne zum Ausbau des Torgauer Platzes vor -\" \/>\n<meta property=\"og:description\" content=\"Die Stadt Leipzig und die Leipziger Gruppe informieren: Digitale Veranstaltung stellt Pl\u00e4ne zum Ausbau des Torgauer Platzes vor Ab M\u00e4rz 2027 wollen die Stadt Leipzig und die Leipziger Gruppe in Leipzig-Volkmarsdorf gemeinsam die Infrastruktur am Torgauer Platz ausbauen. Vertreter der Bauherren stellen am Donnerstag, dem 10. September 2026, ab 18:30 Uhr in einem digitalen Format [&hellip;]\" \/>\n<meta property=\"og:url\" content=\"https:\/\/neues-mitteldeutschland.de\/index.php\/2026\/09\/02\/die-stadt-leipzig-und-die-leipziger-gruppe-informieren-digitale-veranstaltung-stellt-plaene-zum-ausbau-des-torgauer-platzes-vor\/\" \/>\n<meta property=\"article:publisher\" content=\"https:\/\/www.facebook.com\/NeuesMitteldeutschland\" \/>\n<meta property=\"article:published_time\" content=\"2026-09-02T11:40:09+00:00\" \/>\n<meta name=\"author\" content=\"NMD-Admin\" \/>\n<meta name=\"twitter:card\" content=\"summary_large_image\" \/>\n<meta name=\"twitter:label1\" content=\"Verfasst von\" \/>\n\t<meta name=\"twitter:data1\" content=\"NMD-Admin\" \/>\n\t<meta name=\"twitter:label2\" content=\"Gesch\u00e4tzte Lesezeit\" \/>\n\t<meta name=\"twitter:data2\" content=\"1\u00a0Minute\" \/>\n<script type=\"application\/ld+json\" class=\"yoast-schema-graph\">{\"@context\":\"https:\\\/\\\/schema.org\",\"@graph\":[{\"@type\":\"Article\",\"@id\":\"https:\\\/\\\/neues-mitteldeutschland.de\\\/index.php\\\/2026\\\/09\\\/02\\\/die-stadt-leipzig-und-die-leipziger-gruppe-informieren-digitale-veranstaltung-stellt-plaene-zum-ausbau-des-torgauer-platzes-vor\\\/#article\",\"isPartOf\":{\"@id\":\"https:\\\/\\\/neues-mitteldeutschland.de\\\/index.php\\\/2026\\\/09\\\/02\\\/die-stadt-leipzig-und-die-leipziger-gruppe-informieren-digitale-veranstaltung-stellt-plaene-zum-ausbau-des-torgauer-platzes-vor\\\/\"},\"author\":{\"name\":\"NMD-Admin\",\"@id\":\"https:\\\/\\\/neues-mitteldeutschland.de\\\/#\\\/schema\\\/person\\\/a035875f548cacf83c2f6b0011631327\"},\"headline\":\"Die Stadt Leipzig und die Leipziger Gruppe informieren: Digitale Veranstaltung stellt Pl\u00e4ne zum Ausbau des Torgauer Platzes vor\",\"datePublished\":\"2026-09-02T11:40:09+00:00\",\"mainEntityOfPage\":{\"@id\":\"https:\\\/\\\/neues-mitteldeutschland.de\\\/index.php\\\/2026\\\/09\\\/02\\\/die-stadt-leipzig-und-die-leipziger-gruppe-informieren-digitale-veranstaltung-stellt-plaene-zum-ausbau-des-torgauer-platzes-vor\\\/\"},\"wordCount\":154,\"publisher\":{\"@id\":\"https:\\\/\\\/neues-mitteldeutschland.de\\\/#organization\"},\"image\":{\"@id\":\"https:\\\/\\\/neues-mitteldeutschland.de\\\/index.php\\\/2026\\\/09\\\/02\\\/die-stadt-leipzig-und-die-leipziger-gruppe-informieren-digitale-veranstaltung-stellt-plaene-zum-ausbau-des-torgauer-platzes-vor\\\/#primaryimage\"},\"thumbnailUrl\":\"https:\\\/\\\/www.neues-mitteldeutschland.de\\\/wp-content\\\/uploads\\\/2025\\\/10\\\/Portaleintrag_Leipzig.jpg\",\"articleSection\":[\"Leipzig\"],\"inLanguage\":\"de\"},{\"@type\":\"WebPage\",\"@id\":\"https:\\\/\\\/neues-mitteldeutschland.de\\\/index.php\\\/2026\\\/09\\\/02\\\/die-stadt-leipzig-und-die-leipziger-gruppe-informieren-digitale-veranstaltung-stellt-plaene-zum-ausbau-des-torgauer-platzes-vor\\\/\",\"url\":\"https:\\\/\\\/neues-mitteldeutschland.de\\\/index.php\\\/2026\\\/09\\\/02\\\/die-stadt-leipzig-und-die-leipziger-gruppe-informieren-digitale-veranstaltung-stellt-plaene-zum-ausbau-des-torgauer-platzes-vor\\\/\",\"name\":\"Die Stadt Leipzig und die Leipziger Gruppe informieren: Digitale Veranstaltung stellt Pl\u00e4ne zum Ausbau des Torgauer Platzes vor -\",\"isPartOf\":{\"@id\":\"https:\\\/\\\/neues-mitteldeutschland.de\\\/#website\"},\"primaryImageOfPage\":{\"@id\":\"https:\\\/\\\/neues-mitteldeutschland.de\\\/index.php\\\/2026\\\/09\\\/02\\\/die-stadt-leipzig-und-die-leipziger-gruppe-informieren-digitale-veranstaltung-stellt-plaene-zum-ausbau-des-torgauer-platzes-vor\\\/#primaryimage\"},\"image\":{\"@id\":\"https:\\\/\\\/neues-mitteldeutschland.de\\\/index.php\\\/2026\\\/09\\\/02\\\/die-stadt-leipzig-und-die-leipziger-gruppe-informieren-digitale-veranstaltung-stellt-plaene-zum-ausbau-des-torgauer-platzes-vor\\\/#primaryimage\"},\"thumbnailUrl\":\"https:\\\/\\\/www.neues-mitteldeutschland.de\\\/wp-content\\\/uploads\\\/2025\\\/10\\\/Portaleintrag_Leipzig.jpg\",\"datePublished\":\"2026-09-02T11:40:09+00:00\",\"breadcrumb\":{\"@id\":\"https:\\\/\\\/neues-mitteldeutschland.de\\\/index.php\\\/2026\\\/09\\\/02\\\/die-stadt-leipzig-und-die-leipziger-gruppe-informieren-digitale-veranstaltung-stellt-plaene-zum-ausbau-des-torgauer-platzes-vor\\\/#breadcrumb\"},\"inLanguage\":\"de\",\"potentialAction\":[{\"@type\":\"ReadAction\",\"target\":[\"https:\\\/\\\/neues-mitteldeutschland.de\\\/index.php\\\/2026\\\/09\\\/02\\\/die-stadt-leipzig-und-die-leipziger-gruppe-informieren-digitale-veranstaltung-stellt-plaene-zum-ausbau-des-torgauer-platzes-vor\\\/\"]}]},{\"@type\":\"ImageObject\",\"inLanguage\":\"de\",\"@id\":\"https:\\\/\\\/neues-mitteldeutschland.de\\\/index.php\\\/2026\\\/09\\\/02\\\/die-stadt-leipzig-und-die-leipziger-gruppe-informieren-digitale-veranstaltung-stellt-plaene-zum-ausbau-des-torgauer-platzes-vor\\\/#primaryimage\",\"url\":\"https:\\\/\\\/www.neues-mitteldeutschland.de\\\/wp-content\\\/uploads\\\/2025\\\/10\\\/Portaleintrag_Leipzig.jpg\",\"contentUrl\":\"https:\\\/\\\/www.neues-mitteldeutschland.de\\\/wp-content\\\/uploads\\\/2025\\\/10\\\/Portaleintrag_Leipzig.jpg\",\"width\":1200,\"height\":626},{\"@type\":\"BreadcrumbList\",\"@id\":\"https:\\\/\\\/neues-mitteldeutschland.de\\\/index.php\\\/2026\\\/09\\\/02\\\/die-stadt-leipzig-und-die-leipziger-gruppe-informieren-digitale-veranstaltung-stellt-plaene-zum-ausbau-des-torgauer-platzes-vor\\\/#breadcrumb\",\"itemListElement\":[{\"@type\":\"ListItem\",\"position\":1,\"name\":\"Start\",\"item\":\"https:\\\/\\\/neues-mitteldeutschland.de\\\/\"},{\"@type\":\"ListItem\",\"position\":2,\"name\":\"Die Stadt Leipzig und die Leipziger Gruppe informieren: Digitale Veranstaltung stellt Pl\u00e4ne zum Ausbau des Torgauer Platzes vor\"}]},{\"@type\":\"WebSite\",\"@id\":\"https:\\\/\\\/neues-mitteldeutschland.de\\\/#website\",\"url\":\"https:\\\/\\\/neues-mitteldeutschland.de\\\/\",\"name\":\"Neues-Mitteldeutschland\",\"description\":\"Ihre Werbeagentur, Nachrichten- &amp; Branchenportal\",\"publisher\":{\"@id\":\"https:\\\/\\\/neues-mitteldeutschland.de\\\/#organization\"},\"potentialAction\":[{\"@type\":\"SearchAction\",\"target\":{\"@type\":\"EntryPoint\",\"urlTemplate\":\"https:\\\/\\\/neues-mitteldeutschland.de\\\/?s={search_term_string}\"},\"query-input\":{\"@type\":\"PropertyValueSpecification\",\"valueRequired\":true,\"valueName\":\"search_term_string\"}}],\"inLanguage\":\"de\"},{\"@type\":\"Organization\",\"@id\":\"https:\\\/\\\/neues-mitteldeutschland.de\\\/#organization\",\"name\":\"Neues-Mitteldeutschland\",\"url\":\"https:\\\/\\\/neues-mitteldeutschland.de\\\/\",\"logo\":{\"@type\":\"ImageObject\",\"inLanguage\":\"de\",\"@id\":\"https:\\\/\\\/neues-mitteldeutschland.de\\\/#\\\/schema\\\/logo\\\/image\\\/\",\"url\":\"https:\\\/\\\/www.neues-mitteldeutschland.de\\\/wp-content\\\/uploads\\\/2026\\\/01\\\/cropped-Logo-Banner.jpg\",\"contentUrl\":\"https:\\\/\\\/www.neues-mitteldeutschland.de\\\/wp-content\\\/uploads\\\/2026\\\/01\\\/cropped-Logo-Banner.jpg\",\"width\":1152,\"height\":170,\"caption\":\"Neues-Mitteldeutschland\"},\"image\":{\"@id\":\"https:\\\/\\\/neues-mitteldeutschland.de\\\/#\\\/schema\\\/logo\\\/image\\\/\"},\"sameAs\":[\"https:\\\/\\\/www.facebook.com\\\/NeuesMitteldeutschland\",\"https:\\\/\\\/www.instagram.com\\\/neues_mitteldeutschland_gc\\\/\"]},{\"@type\":\"Person\",\"@id\":\"https:\\\/\\\/neues-mitteldeutschland.de\\\/#\\\/schema\\\/person\\\/a035875f548cacf83c2f6b0011631327\",\"name\":\"NMD-Admin\",\"image\":{\"@type\":\"ImageObject\",\"inLanguage\":\"de\",\"@id\":\"https:\\\/\\\/secure.gravatar.com\\\/avatar\\\/4c19fba03af26e7fee85b847ac08e68b88b74f1044c942c04173631c7e2607f5?s=96&d=mm&r=g\",\"url\":\"https:\\\/\\\/secure.gravatar.com\\\/avatar\\\/4c19fba03af26e7fee85b847ac08e68b88b74f1044c942c04173631c7e2607f5?s=96&d=mm&r=g\",\"contentUrl\":\"https:\\\/\\\/secure.gravatar.com\\\/avatar\\\/4c19fba03af26e7fee85b847ac08e68b88b74f1044c942c04173631c7e2607f5?s=96&d=mm&r=g\",\"caption\":\"NMD-Admin\"},\"sameAs\":[\"http:\\\/\\\/neuesmitteldeutschland.test\"],\"url\":\"https:\\\/\\\/www.neues-mitteldeutschland.de\\\/index.php\\\/author\\\/nmd-admin\\\/\"}]}<\/script>\n<!-- \/ Yoast SEO plugin. -->","yoast_head_json":{"title":"Die Stadt Leipzig und die Leipziger Gruppe informieren: Digitale Veranstaltung stellt Pl\u00e4ne zum Ausbau des Torgauer Platzes vor -","robots":{"index":"index","follow":"follow","max-snippet":"max-snippet:-1","max-image-preview":"max-image-preview:large","max-video-preview":"max-video-preview:-1"},"canonical":"https:\/\/neues-mitteldeutschland.de\/index.php\/2026\/09\/02\/die-stadt-leipzig-und-die-leipziger-gruppe-informieren-digitale-veranstaltung-stellt-plaene-zum-ausbau-des-torgauer-platzes-vor\/","og_locale":"de_DE","og_type":"article","og_title":"Die Stadt Leipzig und die Leipziger Gruppe informieren: Digitale Veranstaltung stellt Pl\u00e4ne zum Ausbau des Torgauer Platzes vor -","og_description":"Die Stadt Leipzig und die Leipziger Gruppe informieren: Digitale Veranstaltung stellt Pl\u00e4ne zum Ausbau des Torgauer Platzes vor Ab M\u00e4rz 2027 wollen die Stadt Leipzig und die Leipziger Gruppe in Leipzig-Volkmarsdorf gemeinsam die Infrastruktur am Torgauer Platz ausbauen. Vertreter der Bauherren stellen am Donnerstag, dem 10. September 2026, ab 18:30 Uhr in einem digitalen Format [&hellip;]","og_url":"https:\/\/neues-mitteldeutschland.de\/index.php\/2026\/09\/02\/die-stadt-leipzig-und-die-leipziger-gruppe-informieren-digitale-veranstaltung-stellt-plaene-zum-ausbau-des-torgauer-platzes-vor\/","article_publisher":"https:\/\/www.facebook.com\/NeuesMitteldeutschland","article_published_time":"2026-09-02T11:40:09+00:00","author":"NMD-Admin","twitter_card":"summary_large_image","twitter_misc":{"Verfasst von":"NMD-Admin","Gesch\u00e4tzte Lesezeit":"1\u00a0Minute"},"schema":{"@context":"https:\/\/schema.org","@graph":[{"@type":"Article","@id":"https:\/\/neues-mitteldeutschland.de\/index.php\/2026\/09\/02\/die-stadt-leipzig-und-die-leipziger-gruppe-informieren-digitale-veranstaltung-stellt-plaene-zum-ausbau-des-torgauer-platzes-vor\/#article","isPartOf":{"@id":"https:\/\/neues-mitteldeutschland.de\/index.php\/2026\/09\/02\/die-stadt-leipzig-und-die-leipziger-gruppe-informieren-digitale-veranstaltung-stellt-plaene-zum-ausbau-des-torgauer-platzes-vor\/"},"author":{"name":"NMD-Admin","@id":"https:\/\/neues-mitteldeutschland.de\/#\/schema\/person\/a035875f548cacf83c2f6b0011631327"},"headline":"Die Stadt Leipzig und die Leipziger Gruppe informieren: Digitale Veranstaltung stellt Pl\u00e4ne zum Ausbau des Torgauer Platzes vor","datePublished":"2026-09-02T11:40:09+00:00","mainEntityOfPage":{"@id":"https:\/\/neues-mitteldeutschland.de\/index.php\/2026\/09\/02\/die-stadt-leipzig-und-die-leipziger-gruppe-informieren-digitale-veranstaltung-stellt-plaene-zum-ausbau-des-torgauer-platzes-vor\/"},"wordCount":154,"publisher":{"@id":"https:\/\/neues-mitteldeutschland.de\/#organization"},"image":{"@id":"https:\/\/neues-mitteldeutschland.de\/index.php\/2026\/09\/02\/die-stadt-leipzig-und-die-leipziger-gruppe-informieren-digitale-veranstaltung-stellt-plaene-zum-ausbau-des-torgauer-platzes-vor\/#primaryimage"},"thumbnailUrl":"https:\/\/www.neues-mitteldeutschland.de\/wp-content\/uploads\/2025\/10\/Portaleintrag_Leipzig.jpg","articleSection":["Leipzig"],"inLanguage":"de"},{"@type":"WebPage","@id":"https:\/\/neues-mitteldeutschland.de\/index.php\/2026\/09\/02\/die-stadt-leipzig-und-die-leipziger-gruppe-informieren-digitale-veranstaltung-stellt-plaene-zum-ausbau-des-torgauer-platzes-vor\/","url":"https:\/\/neues-mitteldeutschland.de\/index.php\/2026\/09\/02\/die-stadt-leipzig-und-die-leipziger-gruppe-informieren-digitale-veranstaltung-stellt-plaene-zum-ausbau-des-torgauer-platzes-vor\/","name":"Die Stadt Leipzig und die Leipziger Gruppe informieren: Digitale Veranstaltung stellt Pl\u00e4ne zum Ausbau des Torgauer Platzes vor -","isPartOf":{"@id":"https:\/\/neues-mitteldeutschland.de\/#website"},"primaryImageOfPage":{"@id":"https:\/\/neues-mitteldeutschland.de\/index.php\/2026\/09\/02\/die-stadt-leipzig-und-die-leipziger-gruppe-informieren-digitale-veranstaltung-stellt-plaene-zum-ausbau-des-torgauer-platzes-vor\/#primaryimage"},"image":{"@id":"https:\/\/neues-mitteldeutschland.de\/index.php\/2026\/09\/02\/die-stadt-leipzig-und-die-leipziger-gruppe-informieren-digitale-veranstaltung-stellt-plaene-zum-ausbau-des-torgauer-platzes-vor\/#primaryimage"},"thumbnailUrl":"https:\/\/www.neues-mitteldeutschland.de\/wp-content\/uploads\/2025\/10\/Portaleintrag_Leipzig.jpg","datePublished":"2026-09-02T11:40:09+00:00","breadcrumb":{"@id":"https:\/\/neues-mitteldeutschland.de\/index.php\/2026\/09\/02\/die-stadt-leipzig-und-die-leipziger-gruppe-informieren-digitale-veranstaltung-stellt-plaene-zum-ausbau-des-torgauer-platzes-vor\/#breadcrumb"},"inLanguage":"de","potentialAction":[{"@type":"ReadAction","target":["https:\/\/neues-mitteldeutschland.de\/index.php\/2026\/09\/02\/die-stadt-leipzig-und-die-leipziger-gruppe-informieren-digitale-veranstaltung-stellt-plaene-zum-ausbau-des-torgauer-platzes-vor\/"]}]},{"@type":"ImageObject","inLanguage":"de","@id":"https:\/\/neues-mitteldeutschland.de\/index.php\/2026\/09\/02\/die-stadt-leipzig-und-die-leipziger-gruppe-informieren-digitale-veranstaltung-stellt-plaene-zum-ausbau-des-torgauer-platzes-vor\/#primaryimage","url":"https:\/\/www.neues-mitteldeutschland.de\/wp-content\/uploads\/2025\/10\/Portaleintrag_Leipzig.jpg","contentUrl":"https:\/\/www.neues-mitteldeutschland.de\/wp-content\/uploads\/2025\/10\/Portaleintrag_Leipzig.jpg","width":1200,"height":626},{"@type":"BreadcrumbList","@id":"https:\/\/neues-mitteldeutschland.de\/index.php\/2026\/09\/02\/die-stadt-leipzig-und-die-leipziger-gruppe-informieren-digitale-veranstaltung-stellt-plaene-zum-ausbau-des-torgauer-platzes-vor\/#breadcrumb","itemListElement":[{"@type":"ListItem","position":1,"name":"Start","item":"https:\/\/neues-mitteldeutschland.de\/"},{"@type":"ListItem","position":2,"name":"Die Stadt Leipzig und die Leipziger Gruppe informieren: Digitale Veranstaltung stellt Pl\u00e4ne zum Ausbau des Torgauer Platzes vor"}]},{"@type":"WebSite","@id":"https:\/\/neues-mitteldeutschland.de\/#website","url":"https:\/\/neues-mitteldeutschland.de\/","name":"Neues-Mitteldeutschland","description":"Ihre Werbeagentur, Nachrichten- &amp; Branchenportal","publisher":{"@id":"https:\/\/neues-mitteldeutschland.de\/#organization"},"potentialAction":[{"@type":"SearchAction","target":{"@type":"EntryPoint","urlTemplate":"https:\/\/neues-mitteldeutschland.de\/?s={search_term_string}"},"query-input":{"@type":"PropertyValueSpecification","valueRequired":true,"valueName":"search_term_string"}}],"inLanguage":"de"},{"@type":"Organization","@id":"https:\/\/neues-mitteldeutschland.de\/#organization","name":"Neues-Mitteldeutschland","url":"https:\/\/neues-mitteldeutschland.de\/","logo":{"@type":"ImageObject","inLanguage":"de","@id":"https:\/\/neues-mitteldeutschland.de\/#\/schema\/logo\/image\/","url":"https:\/\/www.neues-mitteldeutschland.de\/wp-content\/uploads\/2026\/01\/cropped-Logo-Banner.jpg","contentUrl":"https:\/\/www.neues-mitteldeutschland.de\/wp-content\/uploads\/2026\/01\/cropped-Logo-Banner.jpg","width":1152,"height":170,"caption":"Neues-Mitteldeutschland"},"image":{"@id":"https:\/\/neues-mitteldeutschland.de\/#\/schema\/logo\/image\/"},"sameAs":["https:\/\/www.facebook.com\/NeuesMitteldeutschland","https:\/\/www.instagram.com\/neues_mitteldeutschland_gc\/"]},{"@type":"Person","@id":"https:\/\/neues-mitteldeutschland.de\/#\/schema\/person\/a035875f548cacf83c2f6b0011631327","name":"NMD-Admin","image":{"@type":"ImageObject","inLanguage":"de","@id":"https:\/\/secure.gravatar.com\/avatar\/4c19fba03af26e7fee85b847ac08e68b88b74f1044c942c04173631c7e2607f5?s=96&d=mm&r=g","url":"https:\/\/secure.gravatar.com\/avatar\/4c19fba03af26e7fee85b847ac08e68b88b74f1044c942c04173631c7e2607f5?s=96&d=mm&r=g","contentUrl":"https:\/\/secure.gravatar.com\/avatar\/4c19fba03af26e7fee85b847ac08e68b88b74f1044c942c04173631c7e2607f5?s=96&d=mm&r=g","caption":"NMD-Admin"},"sameAs":["http:\/\/neuesmitteldeutschland.test"],"url":"https:\/\/www.neues-mitteldeutschland.de\/index.php\/author\/nmd-admin\/"}]}},"publishpress_future_action":{"enabled":true,"date":"2026-09-11 13:34:59","action":"delete","newStatus":"draft","terms":[0],"taxonomy":"category","extraData":[]},"publishpress_future_workflow_manual_trigger":{"enabledWorkflows":[]},"_links":{"self":[{"href":"https:\/\/www.neues-mitteldeutschland.de\/index.php\/wp-json\/wp\/v2\/posts\/2865","targetHints":{"allow":["GET"]}}],"collection":[{"href":"https:\/\/www.neues-mitteldeutschland.de\/index.php\/wp-json\/wp\/v2\/posts"}],"about":[{"href":"https:\/\/www.neues-mitteldeutschland.de\/index.php\/wp-json\/wp\/v2\/types\/post"}],"author":[{"embeddable":true,"href":"https:\/\/www.neues-mitteldeutschland.de\/index.php\/wp-json\/wp\/v2\/users\/1"}],"replies":[{"embeddable":true,"href":"https:\/\/www.neues-mitteldeutschland.de\/index.php\/wp-json\/wp\/v2\/comments?post=2865"}],"version-history":[{"count":1,"href":"https:\/\/www.neues-mitteldeutschland.de\/index.php\/wp-json\/wp\/v2\/posts\/2865\/revisions"}],"predecessor-version":[{"id":2866,"href":"https:\/\/www.neues-mitteldeutschland.de\/index.php\/wp-json\/wp\/v2\/posts\/2865\/revisions\/2866"}],"wp:featuredmedia":[{"embeddable":true,"href":"https:\/\/www.neues-mitteldeutschland.de\/index.php\/wp-json\/wp\/v2\/media\/132"}],"wp:attachment":[{"href":"https:\/\/www.neues-mitteldeutschland.de\/index.php\/wp-json\/wp\/v2\/media?parent=2865"}],"wp:term":[{"taxonomy":"category","embeddable":true,"href":"https:\/\/www.neues-mitteldeutschland.de\/index.php\/wp-json\/wp\/v2\/categories?post=2865"},{"taxonomy":"post_tag","embeddable":true,"href":"https:\/\/www.neues-mitteldeutschland.de\/index.php\/wp-json\/wp\/v2\/tags?post=2865"}],"curies":[{"name":"wp","href":"https:\/\/api.w.org\/{rel}","templated":true}]}}