{"id":2869,"date":"2026-09-02T13:45:14","date_gmt":"2026-09-02T11:45:14","guid":{"rendered":"https:\/\/neues-mitteldeutschland.de\/?p=2869"},"modified":"2026-09-02T13:45:14","modified_gmt":"2026-09-02T11:45:14","slug":"nacht-der-schloesser","status":"publish","type":"post","link":"https:\/\/www.neues-mitteldeutschland.de\/index.php\/2026\/09\/02\/nacht-der-schloesser\/","title":{"rendered":"NACHT DER SCHL\u00d6SSER"},"content":{"rendered":"<p>Sehr geehrte Mitglieder und Freunde des Kunstvereins,<\/p>\n<p>wir m\u00f6chten Sie auf die NACHT DER SCHL\u00d6SSER am kommenden Samstag hinweisen!<\/p>\n<p>Zahlreiche Angebote f\u00fcr alle Altersgruppen auf dem gesamten Schlossgel\u00e4nde erwarten Sie und auch die wunderbare Ausstellung \u201eErika Harbort trifft Ines Weisheit\u201c ist f\u00fcr Sie bis 22 Uhr ge\u00f6ffnet! Die Galerie art gluchowe begeht an diesem Tag ihr 35. Jubil\u00e4um. Wir freuen uns auf Ihren Besuch und auf ein unterhaltsames Quiz mit Ihnen!<\/p>\n","protected":false},"excerpt":{"rendered":"<p>Sehr geehrte Mitglieder und Freunde des Kunstvereins, wir m\u00f6chten Sie auf die NACHT DER SCHL\u00d6SSER am kommenden Samstag hinweisen! Zahlreiche Angebote f\u00fcr alle Altersgruppen auf dem gesamten Schlossgel\u00e4nde erwarten Sie und auch die wunderbare Ausstellung \u201eErika Harbort trifft Ines Weisheit\u201c ist f\u00fcr Sie bis 22 Uhr ge\u00f6ffnet! Die Galerie art gluchowe begeht an diesem Tag [&hellip;]<\/p>\n","protected":false},"author":1,"featured_media":111,"comment_status":"closed","ping_status":"open","sticky":false,"template":"","format":"standard","meta":{"footnotes":""},"categories":[17],"tags":[],"class_list":["post-2869","post","type-post","status-publish","format-standard","has-post-thumbnail","hentry","category-glauchau"],"yoast_head":"<!-- This site is optimized with the Yoast SEO plugin v28.2 - https:\/\/yoast.com\/product\/yoast-seo-wordpress\/ -->\n<title>NACHT DER SCHL\u00d6SSER -<\/title>\n<meta name=\"robots\" content=\"index, follow, max-snippet:-1, max-image-preview:large, max-video-preview:-1\" \/>\n<link rel=\"canonical\" href=\"https:\/\/neues-mitteldeutschland.de\/index.php\/2026\/09\/02\/nacht-der-schloesser\/\" \/>\n<meta property=\"og:locale\" content=\"de_DE\" \/>\n<meta property=\"og:type\" content=\"article\" \/>\n<meta property=\"og:title\" content=\"NACHT DER SCHL\u00d6SSER -\" \/>\n<meta property=\"og:description\" content=\"Sehr geehrte Mitglieder und Freunde des Kunstvereins, wir m\u00f6chten Sie auf die NACHT DER SCHL\u00d6SSER am kommenden Samstag hinweisen! Zahlreiche Angebote f\u00fcr alle Altersgruppen auf dem gesamten Schlossgel\u00e4nde erwarten Sie und auch die wunderbare Ausstellung \u201eErika Harbort trifft Ines Weisheit\u201c ist f\u00fcr Sie bis 22 Uhr ge\u00f6ffnet! Die Galerie art gluchowe begeht an diesem Tag [&hellip;]\" \/>\n<meta property=\"og:url\" content=\"https:\/\/neues-mitteldeutschland.de\/index.php\/2026\/09\/02\/nacht-der-schloesser\/\" \/>\n<meta property=\"article:publisher\" content=\"https:\/\/www.facebook.com\/NeuesMitteldeutschland\" \/>\n<meta property=\"article:published_time\" content=\"2026-09-02T11:45:14+00:00\" \/>\n<meta name=\"author\" content=\"NMD-Admin\" \/>\n<meta name=\"twitter:card\" content=\"summary_large_image\" \/>\n<meta name=\"twitter:label1\" content=\"Verfasst von\" \/>\n\t<meta name=\"twitter:data1\" content=\"NMD-Admin\" \/>\n\t<meta name=\"twitter:label2\" content=\"Gesch\u00e4tzte Lesezeit\" \/>\n\t<meta name=\"twitter:data2\" content=\"1\u00a0Minute\" \/>\n<script type=\"application\/ld+json\" class=\"yoast-schema-graph\">{\"@context\":\"https:\\\/\\\/schema.org\",\"@graph\":[{\"@type\":\"Article\",\"@id\":\"https:\\\/\\\/neues-mitteldeutschland.de\\\/index.php\\\/2026\\\/09\\\/02\\\/nacht-der-schloesser\\\/#article\",\"isPartOf\":{\"@id\":\"https:\\\/\\\/neues-mitteldeutschland.de\\\/index.php\\\/2026\\\/09\\\/02\\\/nacht-der-schloesser\\\/\"},\"author\":{\"name\":\"NMD-Admin\",\"@id\":\"https:\\\/\\\/neues-mitteldeutschland.de\\\/#\\\/schema\\\/person\\\/a035875f548cacf83c2f6b0011631327\"},\"headline\":\"NACHT DER SCHL\u00d6SSER\",\"datePublished\":\"2026-09-02T11:45:14+00:00\",\"mainEntityOfPage\":{\"@id\":\"https:\\\/\\\/neues-mitteldeutschland.de\\\/index.php\\\/2026\\\/09\\\/02\\\/nacht-der-schloesser\\\/\"},\"wordCount\":80,\"publisher\":{\"@id\":\"https:\\\/\\\/neues-mitteldeutschland.de\\\/#organization\"},\"image\":{\"@id\":\"https:\\\/\\\/neues-mitteldeutschland.de\\\/index.php\\\/2026\\\/09\\\/02\\\/nacht-der-schloesser\\\/#primaryimage\"},\"thumbnailUrl\":\"https:\\\/\\\/www.neues-mitteldeutschland.de\\\/wp-content\\\/uploads\\\/2025\\\/10\\\/Portaleintrag_Glauchau.jpg\",\"articleSection\":[\"Glauchau\"],\"inLanguage\":\"de\"},{\"@type\":\"WebPage\",\"@id\":\"https:\\\/\\\/neues-mitteldeutschland.de\\\/index.php\\\/2026\\\/09\\\/02\\\/nacht-der-schloesser\\\/\",\"url\":\"https:\\\/\\\/neues-mitteldeutschland.de\\\/index.php\\\/2026\\\/09\\\/02\\\/nacht-der-schloesser\\\/\",\"name\":\"NACHT DER SCHL\u00d6SSER -\",\"isPartOf\":{\"@id\":\"https:\\\/\\\/neues-mitteldeutschland.de\\\/#website\"},\"primaryImageOfPage\":{\"@id\":\"https:\\\/\\\/neues-mitteldeutschland.de\\\/index.php\\\/2026\\\/09\\\/02\\\/nacht-der-schloesser\\\/#primaryimage\"},\"image\":{\"@id\":\"https:\\\/\\\/neues-mitteldeutschland.de\\\/index.php\\\/2026\\\/09\\\/02\\\/nacht-der-schloesser\\\/#primaryimage\"},\"thumbnailUrl\":\"https:\\\/\\\/www.neues-mitteldeutschland.de\\\/wp-content\\\/uploads\\\/2025\\\/10\\\/Portaleintrag_Glauchau.jpg\",\"datePublished\":\"2026-09-02T11:45:14+00:00\",\"breadcrumb\":{\"@id\":\"https:\\\/\\\/neues-mitteldeutschland.de\\\/index.php\\\/2026\\\/09\\\/02\\\/nacht-der-schloesser\\\/#breadcrumb\"},\"inLanguage\":\"de\",\"potentialAction\":[{\"@type\":\"ReadAction\",\"target\":[\"https:\\\/\\\/neues-mitteldeutschland.de\\\/index.php\\\/2026\\\/09\\\/02\\\/nacht-der-schloesser\\\/\"]}]},{\"@type\":\"ImageObject\",\"inLanguage\":\"de\",\"@id\":\"https:\\\/\\\/neues-mitteldeutschland.de\\\/index.php\\\/2026\\\/09\\\/02\\\/nacht-der-schloesser\\\/#primaryimage\",\"url\":\"https:\\\/\\\/www.neues-mitteldeutschland.de\\\/wp-content\\\/uploads\\\/2025\\\/10\\\/Portaleintrag_Glauchau.jpg\",\"contentUrl\":\"https:\\\/\\\/www.neues-mitteldeutschland.de\\\/wp-content\\\/uploads\\\/2025\\\/10\\\/Portaleintrag_Glauchau.jpg\",\"width\":1200,\"height\":626},{\"@type\":\"BreadcrumbList\",\"@id\":\"https:\\\/\\\/neues-mitteldeutschland.de\\\/index.php\\\/2026\\\/09\\\/02\\\/nacht-der-schloesser\\\/#breadcrumb\",\"itemListElement\":[{\"@type\":\"ListItem\",\"position\":1,\"name\":\"Start\",\"item\":\"https:\\\/\\\/neues-mitteldeutschland.de\\\/\"},{\"@type\":\"ListItem\",\"position\":2,\"name\":\"NACHT DER SCHL\u00d6SSER\"}]},{\"@type\":\"WebSite\",\"@id\":\"https:\\\/\\\/neues-mitteldeutschland.de\\\/#website\",\"url\":\"https:\\\/\\\/neues-mitteldeutschland.de\\\/\",\"name\":\"Neues-Mitteldeutschland\",\"description\":\"Ihre Werbeagentur, Nachrichten- &amp; Branchenportal\",\"publisher\":{\"@id\":\"https:\\\/\\\/neues-mitteldeutschland.de\\\/#organization\"},\"potentialAction\":[{\"@type\":\"SearchAction\",\"target\":{\"@type\":\"EntryPoint\",\"urlTemplate\":\"https:\\\/\\\/neues-mitteldeutschland.de\\\/?s={search_term_string}\"},\"query-input\":{\"@type\":\"PropertyValueSpecification\",\"valueRequired\":true,\"valueName\":\"search_term_string\"}}],\"inLanguage\":\"de\"},{\"@type\":\"Organization\",\"@id\":\"https:\\\/\\\/neues-mitteldeutschland.de\\\/#organization\",\"name\":\"Neues-Mitteldeutschland\",\"url\":\"https:\\\/\\\/neues-mitteldeutschland.de\\\/\",\"logo\":{\"@type\":\"ImageObject\",\"inLanguage\":\"de\",\"@id\":\"https:\\\/\\\/neues-mitteldeutschland.de\\\/#\\\/schema\\\/logo\\\/image\\\/\",\"url\":\"https:\\\/\\\/www.neues-mitteldeutschland.de\\\/wp-content\\\/uploads\\\/2026\\\/01\\\/cropped-Logo-Banner.jpg\",\"contentUrl\":\"https:\\\/\\\/www.neues-mitteldeutschland.de\\\/wp-content\\\/uploads\\\/2026\\\/01\\\/cropped-Logo-Banner.jpg\",\"width\":1152,\"height\":170,\"caption\":\"Neues-Mitteldeutschland\"},\"image\":{\"@id\":\"https:\\\/\\\/neues-mitteldeutschland.de\\\/#\\\/schema\\\/logo\\\/image\\\/\"},\"sameAs\":[\"https:\\\/\\\/www.facebook.com\\\/NeuesMitteldeutschland\",\"https:\\\/\\\/www.instagram.com\\\/neues_mitteldeutschland_gc\\\/\"]},{\"@type\":\"Person\",\"@id\":\"https:\\\/\\\/neues-mitteldeutschland.de\\\/#\\\/schema\\\/person\\\/a035875f548cacf83c2f6b0011631327\",\"name\":\"NMD-Admin\",\"image\":{\"@type\":\"ImageObject\",\"inLanguage\":\"de\",\"@id\":\"https:\\\/\\\/secure.gravatar.com\\\/avatar\\\/4c19fba03af26e7fee85b847ac08e68b88b74f1044c942c04173631c7e2607f5?s=96&d=mm&r=g\",\"url\":\"https:\\\/\\\/secure.gravatar.com\\\/avatar\\\/4c19fba03af26e7fee85b847ac08e68b88b74f1044c942c04173631c7e2607f5?s=96&d=mm&r=g\",\"contentUrl\":\"https:\\\/\\\/secure.gravatar.com\\\/avatar\\\/4c19fba03af26e7fee85b847ac08e68b88b74f1044c942c04173631c7e2607f5?s=96&d=mm&r=g\",\"caption\":\"NMD-Admin\"},\"sameAs\":[\"http:\\\/\\\/neuesmitteldeutschland.test\"],\"url\":\"https:\\\/\\\/www.neues-mitteldeutschland.de\\\/index.php\\\/author\\\/nmd-admin\\\/\"}]}<\/script>\n<!-- \/ Yoast SEO plugin. -->","yoast_head_json":{"title":"NACHT DER SCHL\u00d6SSER -","robots":{"index":"index","follow":"follow","max-snippet":"max-snippet:-1","max-image-preview":"max-image-preview:large","max-video-preview":"max-video-preview:-1"},"canonical":"https:\/\/neues-mitteldeutschland.de\/index.php\/2026\/09\/02\/nacht-der-schloesser\/","og_locale":"de_DE","og_type":"article","og_title":"NACHT DER SCHL\u00d6SSER -","og_description":"Sehr geehrte Mitglieder und Freunde des Kunstvereins, wir m\u00f6chten Sie auf die NACHT DER SCHL\u00d6SSER am kommenden Samstag hinweisen! Zahlreiche Angebote f\u00fcr alle Altersgruppen auf dem gesamten Schlossgel\u00e4nde erwarten Sie und auch die wunderbare Ausstellung \u201eErika Harbort trifft Ines Weisheit\u201c ist f\u00fcr Sie bis 22 Uhr ge\u00f6ffnet! Die Galerie art gluchowe begeht an diesem Tag [&hellip;]","og_url":"https:\/\/neues-mitteldeutschland.de\/index.php\/2026\/09\/02\/nacht-der-schloesser\/","article_publisher":"https:\/\/www.facebook.com\/NeuesMitteldeutschland","article_published_time":"2026-09-02T11:45:14+00:00","author":"NMD-Admin","twitter_card":"summary_large_image","twitter_misc":{"Verfasst von":"NMD-Admin","Gesch\u00e4tzte Lesezeit":"1\u00a0Minute"},"schema":{"@context":"https:\/\/schema.org","@graph":[{"@type":"Article","@id":"https:\/\/neues-mitteldeutschland.de\/index.php\/2026\/09\/02\/nacht-der-schloesser\/#article","isPartOf":{"@id":"https:\/\/neues-mitteldeutschland.de\/index.php\/2026\/09\/02\/nacht-der-schloesser\/"},"author":{"name":"NMD-Admin","@id":"https:\/\/neues-mitteldeutschland.de\/#\/schema\/person\/a035875f548cacf83c2f6b0011631327"},"headline":"NACHT DER SCHL\u00d6SSER","datePublished":"2026-09-02T11:45:14+00:00","mainEntityOfPage":{"@id":"https:\/\/neues-mitteldeutschland.de\/index.php\/2026\/09\/02\/nacht-der-schloesser\/"},"wordCount":80,"publisher":{"@id":"https:\/\/neues-mitteldeutschland.de\/#organization"},"image":{"@id":"https:\/\/neues-mitteldeutschland.de\/index.php\/2026\/09\/02\/nacht-der-schloesser\/#primaryimage"},"thumbnailUrl":"https:\/\/www.neues-mitteldeutschland.de\/wp-content\/uploads\/2025\/10\/Portaleintrag_Glauchau.jpg","articleSection":["Glauchau"],"inLanguage":"de"},{"@type":"WebPage","@id":"https:\/\/neues-mitteldeutschland.de\/index.php\/2026\/09\/02\/nacht-der-schloesser\/","url":"https:\/\/neues-mitteldeutschland.de\/index.php\/2026\/09\/02\/nacht-der-schloesser\/","name":"NACHT DER SCHL\u00d6SSER -","isPartOf":{"@id":"https:\/\/neues-mitteldeutschland.de\/#website"},"primaryImageOfPage":{"@id":"https:\/\/neues-mitteldeutschland.de\/index.php\/2026\/09\/02\/nacht-der-schloesser\/#primaryimage"},"image":{"@id":"https:\/\/neues-mitteldeutschland.de\/index.php\/2026\/09\/02\/nacht-der-schloesser\/#primaryimage"},"thumbnailUrl":"https:\/\/www.neues-mitteldeutschland.de\/wp-content\/uploads\/2025\/10\/Portaleintrag_Glauchau.jpg","datePublished":"2026-09-02T11:45:14+00:00","breadcrumb":{"@id":"https:\/\/neues-mitteldeutschland.de\/index.php\/2026\/09\/02\/nacht-der-schloesser\/#breadcrumb"},"inLanguage":"de","potentialAction":[{"@type":"ReadAction","target":["https:\/\/neues-mitteldeutschland.de\/index.php\/2026\/09\/02\/nacht-der-schloesser\/"]}]},{"@type":"ImageObject","inLanguage":"de","@id":"https:\/\/neues-mitteldeutschland.de\/index.php\/2026\/09\/02\/nacht-der-schloesser\/#primaryimage","url":"https:\/\/www.neues-mitteldeutschland.de\/wp-content\/uploads\/2025\/10\/Portaleintrag_Glauchau.jpg","contentUrl":"https:\/\/www.neues-mitteldeutschland.de\/wp-content\/uploads\/2025\/10\/Portaleintrag_Glauchau.jpg","width":1200,"height":626},{"@type":"BreadcrumbList","@id":"https:\/\/neues-mitteldeutschland.de\/index.php\/2026\/09\/02\/nacht-der-schloesser\/#breadcrumb","itemListElement":[{"@type":"ListItem","position":1,"name":"Start","item":"https:\/\/neues-mitteldeutschland.de\/"},{"@type":"ListItem","position":2,"name":"NACHT DER SCHL\u00d6SSER"}]},{"@type":"WebSite","@id":"https:\/\/neues-mitteldeutschland.de\/#website","url":"https:\/\/neues-mitteldeutschland.de\/","name":"Neues-Mitteldeutschland","description":"Ihre Werbeagentur, Nachrichten- &amp; Branchenportal","publisher":{"@id":"https:\/\/neues-mitteldeutschland.de\/#organization"},"potentialAction":[{"@type":"SearchAction","target":{"@type":"EntryPoint","urlTemplate":"https:\/\/neues-mitteldeutschland.de\/?s={search_term_string}"},"query-input":{"@type":"PropertyValueSpecification","valueRequired":true,"valueName":"search_term_string"}}],"inLanguage":"de"},{"@type":"Organization","@id":"https:\/\/neues-mitteldeutschland.de\/#organization","name":"Neues-Mitteldeutschland","url":"https:\/\/neues-mitteldeutschland.de\/","logo":{"@type":"ImageObject","inLanguage":"de","@id":"https:\/\/neues-mitteldeutschland.de\/#\/schema\/logo\/image\/","url":"https:\/\/www.neues-mitteldeutschland.de\/wp-content\/uploads\/2026\/01\/cropped-Logo-Banner.jpg","contentUrl":"https:\/\/www.neues-mitteldeutschland.de\/wp-content\/uploads\/2026\/01\/cropped-Logo-Banner.jpg","width":1152,"height":170,"caption":"Neues-Mitteldeutschland"},"image":{"@id":"https:\/\/neues-mitteldeutschland.de\/#\/schema\/logo\/image\/"},"sameAs":["https:\/\/www.facebook.com\/NeuesMitteldeutschland","https:\/\/www.instagram.com\/neues_mitteldeutschland_gc\/"]},{"@type":"Person","@id":"https:\/\/neues-mitteldeutschland.de\/#\/schema\/person\/a035875f548cacf83c2f6b0011631327","name":"NMD-Admin","image":{"@type":"ImageObject","inLanguage":"de","@id":"https:\/\/secure.gravatar.com\/avatar\/4c19fba03af26e7fee85b847ac08e68b88b74f1044c942c04173631c7e2607f5?s=96&d=mm&r=g","url":"https:\/\/secure.gravatar.com\/avatar\/4c19fba03af26e7fee85b847ac08e68b88b74f1044c942c04173631c7e2607f5?s=96&d=mm&r=g","contentUrl":"https:\/\/secure.gravatar.com\/avatar\/4c19fba03af26e7fee85b847ac08e68b88b74f1044c942c04173631c7e2607f5?s=96&d=mm&r=g","caption":"NMD-Admin"},"sameAs":["http:\/\/neuesmitteldeutschland.test"],"url":"https:\/\/www.neues-mitteldeutschland.de\/index.php\/author\/nmd-admin\/"}]}},"publishpress_future_action":{"enabled":true,"date":"2026-09-06 13:42:35","action":"delete","newStatus":"draft","terms":[0],"taxonomy":"category","extraData":[]},"publishpress_future_workflow_manual_trigger":{"enabledWorkflows":[]},"_links":{"self":[{"href":"https:\/\/www.neues-mitteldeutschland.de\/index.php\/wp-json\/wp\/v2\/posts\/2869","targetHints":{"allow":["GET"]}}],"collection":[{"href":"https:\/\/www.neues-mitteldeutschland.de\/index.php\/wp-json\/wp\/v2\/posts"}],"about":[{"href":"https:\/\/www.neues-mitteldeutschland.de\/index.php\/wp-json\/wp\/v2\/types\/post"}],"author":[{"embeddable":true,"href":"https:\/\/www.neues-mitteldeutschland.de\/index.php\/wp-json\/wp\/v2\/users\/1"}],"replies":[{"embeddable":true,"href":"https:\/\/www.neues-mitteldeutschland.de\/index.php\/wp-json\/wp\/v2\/comments?post=2869"}],"version-history":[{"count":1,"href":"https:\/\/www.neues-mitteldeutschland.de\/index.php\/wp-json\/wp\/v2\/posts\/2869\/revisions"}],"predecessor-version":[{"id":2870,"href":"https:\/\/www.neues-mitteldeutschland.de\/index.php\/wp-json\/wp\/v2\/posts\/2869\/revisions\/2870"}],"wp:featuredmedia":[{"embeddable":true,"href":"https:\/\/www.neues-mitteldeutschland.de\/index.php\/wp-json\/wp\/v2\/media\/111"}],"wp:attachment":[{"href":"https:\/\/www.neues-mitteldeutschland.de\/index.php\/wp-json\/wp\/v2\/media?parent=2869"}],"wp:term":[{"taxonomy":"category","embeddable":true,"href":"https:\/\/www.neues-mitteldeutschland.de\/index.php\/wp-json\/wp\/v2\/categories?post=2869"},{"taxonomy":"post_tag","embeddable":true,"href":"https:\/\/www.neues-mitteldeutschland.de\/index.php\/wp-json\/wp\/v2\/tags?post=2869"}],"curies":[{"name":"wp","href":"https:\/\/api.w.org\/{rel}","templated":true}]}}