{"id":2873,"date":"2026-09-02T13:52:46","date_gmt":"2026-09-02T11:52:46","guid":{"rendered":"https:\/\/neues-mitteldeutschland.de\/?p=2873"},"modified":"2026-09-02T13:52:46","modified_gmt":"2026-09-02T11:52:46","slug":"energie-sparen-im-haushalt-uiz-und-verbraucherzentrale-beraten-gemeinsam","status":"publish","type":"post","link":"https:\/\/www.neues-mitteldeutschland.de\/index.php\/2026\/09\/02\/energie-sparen-im-haushalt-uiz-und-verbraucherzentrale-beraten-gemeinsam\/","title":{"rendered":"Energie sparen im Haushalt: UiZ und Verbraucherzentrale beraten gemeinsam"},"content":{"rendered":"<p>Energie sparen im Haushalt: UiZ und Verbraucherzentrale beraten gemeinsam<\/p>\n<p>Am Dienstag, den 8. September, bietet das Umweltinformationszentrum (UiZ) zwischen 15:45 Uhr und 18 Uhr zusammen mit der Verbraucherzentrale Sachsen im Technischen Rathaus eine anbieterunabh\u00e4ngige, kostenlose Energieberatung sowie die Ausleihe von Strommessger\u00e4ten an. Die Schwerpunkte werden Energiesparen im Haushalt, baulicher W\u00e4rmeschutz, regenerative Energien sowie F\u00f6rderm\u00f6glichkeiten und Strom- bzw. Heizkostenabrechnungen sein.<\/p>\n<p>Beratungstermine k\u00f6nnen nur mit vorheriger telefonischer Anmeldung unter der Nummer 0341 696 2929 wahrgenommen werden. Die Messger\u00e4te zum Stromverbrauch von Haushaltger\u00e4ten werden, je nach Vorrat und Verf\u00fcgbarkeit, auch ohne vorherige Anmeldung verliehen. Weitere Informationen sind unter Tel. 0341 123-6711, im Internet auf www.leipzig.de\/uiz oder pers\u00f6nlich im UiZ in der Prager Stra\u00dfe 118-136, Haus A.II (dienstags, 14 bis 17 Uhr) erh\u00e4ltlich.<\/p>\n","protected":false},"excerpt":{"rendered":"<p>Energie sparen im Haushalt: UiZ und Verbraucherzentrale beraten gemeinsam Am Dienstag, den 8. September, bietet das Umweltinformationszentrum (UiZ) zwischen 15:45 Uhr und 18 Uhr zusammen mit der Verbraucherzentrale Sachsen im Technischen Rathaus eine anbieterunabh\u00e4ngige, kostenlose Energieberatung sowie die Ausleihe von Strommessger\u00e4ten an. Die Schwerpunkte werden Energiesparen im Haushalt, baulicher W\u00e4rmeschutz, regenerative Energien sowie F\u00f6rderm\u00f6glichkeiten und [&hellip;]<\/p>\n","protected":false},"author":1,"featured_media":132,"comment_status":"closed","ping_status":"open","sticky":false,"template":"","format":"standard","meta":{"footnotes":""},"categories":[24],"tags":[],"class_list":["post-2873","post","type-post","status-publish","format-standard","has-post-thumbnail","hentry","category-leipzig"],"yoast_head":"<!-- This site is optimized with the Yoast SEO plugin v28.2 - https:\/\/yoast.com\/product\/yoast-seo-wordpress\/ -->\n<title>Energie sparen im Haushalt: UiZ und Verbraucherzentrale beraten gemeinsam -<\/title>\n<meta name=\"robots\" content=\"index, follow, max-snippet:-1, max-image-preview:large, max-video-preview:-1\" \/>\n<link rel=\"canonical\" href=\"https:\/\/neues-mitteldeutschland.de\/index.php\/2026\/09\/02\/energie-sparen-im-haushalt-uiz-und-verbraucherzentrale-beraten-gemeinsam\/\" \/>\n<meta property=\"og:locale\" content=\"de_DE\" \/>\n<meta property=\"og:type\" content=\"article\" \/>\n<meta property=\"og:title\" content=\"Energie sparen im Haushalt: UiZ und Verbraucherzentrale beraten gemeinsam -\" \/>\n<meta property=\"og:description\" content=\"Energie sparen im Haushalt: UiZ und Verbraucherzentrale beraten gemeinsam Am Dienstag, den 8. September, bietet das Umweltinformationszentrum (UiZ) zwischen 15:45 Uhr und 18 Uhr zusammen mit der Verbraucherzentrale Sachsen im Technischen Rathaus eine anbieterunabh\u00e4ngige, kostenlose Energieberatung sowie die Ausleihe von Strommessger\u00e4ten an. Die Schwerpunkte werden Energiesparen im Haushalt, baulicher W\u00e4rmeschutz, regenerative Energien sowie F\u00f6rderm\u00f6glichkeiten und [&hellip;]\" \/>\n<meta property=\"og:url\" content=\"https:\/\/neues-mitteldeutschland.de\/index.php\/2026\/09\/02\/energie-sparen-im-haushalt-uiz-und-verbraucherzentrale-beraten-gemeinsam\/\" \/>\n<meta property=\"article:publisher\" content=\"https:\/\/www.facebook.com\/NeuesMitteldeutschland\" \/>\n<meta property=\"article:published_time\" content=\"2026-09-02T11:52:46+00:00\" \/>\n<meta name=\"author\" content=\"NMD-Admin\" \/>\n<meta name=\"twitter:card\" content=\"summary_large_image\" \/>\n<meta name=\"twitter:label1\" content=\"Verfasst von\" \/>\n\t<meta name=\"twitter:data1\" content=\"NMD-Admin\" \/>\n\t<meta name=\"twitter:label2\" content=\"Gesch\u00e4tzte Lesezeit\" \/>\n\t<meta name=\"twitter:data2\" content=\"1\u00a0Minute\" \/>\n<script type=\"application\/ld+json\" class=\"yoast-schema-graph\">{\"@context\":\"https:\\\/\\\/schema.org\",\"@graph\":[{\"@type\":\"Article\",\"@id\":\"https:\\\/\\\/neues-mitteldeutschland.de\\\/index.php\\\/2026\\\/09\\\/02\\\/energie-sparen-im-haushalt-uiz-und-verbraucherzentrale-beraten-gemeinsam\\\/#article\",\"isPartOf\":{\"@id\":\"https:\\\/\\\/neues-mitteldeutschland.de\\\/index.php\\\/2026\\\/09\\\/02\\\/energie-sparen-im-haushalt-uiz-und-verbraucherzentrale-beraten-gemeinsam\\\/\"},\"author\":{\"name\":\"NMD-Admin\",\"@id\":\"https:\\\/\\\/neues-mitteldeutschland.de\\\/#\\\/schema\\\/person\\\/a035875f548cacf83c2f6b0011631327\"},\"headline\":\"Energie sparen im Haushalt: UiZ und Verbraucherzentrale beraten gemeinsam\",\"datePublished\":\"2026-09-02T11:52:46+00:00\",\"mainEntityOfPage\":{\"@id\":\"https:\\\/\\\/neues-mitteldeutschland.de\\\/index.php\\\/2026\\\/09\\\/02\\\/energie-sparen-im-haushalt-uiz-und-verbraucherzentrale-beraten-gemeinsam\\\/\"},\"wordCount\":135,\"publisher\":{\"@id\":\"https:\\\/\\\/neues-mitteldeutschland.de\\\/#organization\"},\"image\":{\"@id\":\"https:\\\/\\\/neues-mitteldeutschland.de\\\/index.php\\\/2026\\\/09\\\/02\\\/energie-sparen-im-haushalt-uiz-und-verbraucherzentrale-beraten-gemeinsam\\\/#primaryimage\"},\"thumbnailUrl\":\"https:\\\/\\\/www.neues-mitteldeutschland.de\\\/wp-content\\\/uploads\\\/2025\\\/10\\\/Portaleintrag_Leipzig.jpg\",\"articleSection\":[\"Leipzig\"],\"inLanguage\":\"de\"},{\"@type\":\"WebPage\",\"@id\":\"https:\\\/\\\/neues-mitteldeutschland.de\\\/index.php\\\/2026\\\/09\\\/02\\\/energie-sparen-im-haushalt-uiz-und-verbraucherzentrale-beraten-gemeinsam\\\/\",\"url\":\"https:\\\/\\\/neues-mitteldeutschland.de\\\/index.php\\\/2026\\\/09\\\/02\\\/energie-sparen-im-haushalt-uiz-und-verbraucherzentrale-beraten-gemeinsam\\\/\",\"name\":\"Energie sparen im Haushalt: UiZ und Verbraucherzentrale beraten gemeinsam -\",\"isPartOf\":{\"@id\":\"https:\\\/\\\/neues-mitteldeutschland.de\\\/#website\"},\"primaryImageOfPage\":{\"@id\":\"https:\\\/\\\/neues-mitteldeutschland.de\\\/index.php\\\/2026\\\/09\\\/02\\\/energie-sparen-im-haushalt-uiz-und-verbraucherzentrale-beraten-gemeinsam\\\/#primaryimage\"},\"image\":{\"@id\":\"https:\\\/\\\/neues-mitteldeutschland.de\\\/index.php\\\/2026\\\/09\\\/02\\\/energie-sparen-im-haushalt-uiz-und-verbraucherzentrale-beraten-gemeinsam\\\/#primaryimage\"},\"thumbnailUrl\":\"https:\\\/\\\/www.neues-mitteldeutschland.de\\\/wp-content\\\/uploads\\\/2025\\\/10\\\/Portaleintrag_Leipzig.jpg\",\"datePublished\":\"2026-09-02T11:52:46+00:00\",\"breadcrumb\":{\"@id\":\"https:\\\/\\\/neues-mitteldeutschland.de\\\/index.php\\\/2026\\\/09\\\/02\\\/energie-sparen-im-haushalt-uiz-und-verbraucherzentrale-beraten-gemeinsam\\\/#breadcrumb\"},\"inLanguage\":\"de\",\"potentialAction\":[{\"@type\":\"ReadAction\",\"target\":[\"https:\\\/\\\/neues-mitteldeutschland.de\\\/index.php\\\/2026\\\/09\\\/02\\\/energie-sparen-im-haushalt-uiz-und-verbraucherzentrale-beraten-gemeinsam\\\/\"]}]},{\"@type\":\"ImageObject\",\"inLanguage\":\"de\",\"@id\":\"https:\\\/\\\/neues-mitteldeutschland.de\\\/index.php\\\/2026\\\/09\\\/02\\\/energie-sparen-im-haushalt-uiz-und-verbraucherzentrale-beraten-gemeinsam\\\/#primaryimage\",\"url\":\"https:\\\/\\\/www.neues-mitteldeutschland.de\\\/wp-content\\\/uploads\\\/2025\\\/10\\\/Portaleintrag_Leipzig.jpg\",\"contentUrl\":\"https:\\\/\\\/www.neues-mitteldeutschland.de\\\/wp-content\\\/uploads\\\/2025\\\/10\\\/Portaleintrag_Leipzig.jpg\",\"width\":1200,\"height\":626},{\"@type\":\"BreadcrumbList\",\"@id\":\"https:\\\/\\\/neues-mitteldeutschland.de\\\/index.php\\\/2026\\\/09\\\/02\\\/energie-sparen-im-haushalt-uiz-und-verbraucherzentrale-beraten-gemeinsam\\\/#breadcrumb\",\"itemListElement\":[{\"@type\":\"ListItem\",\"position\":1,\"name\":\"Start\",\"item\":\"https:\\\/\\\/neues-mitteldeutschland.de\\\/\"},{\"@type\":\"ListItem\",\"position\":2,\"name\":\"Energie sparen im Haushalt: UiZ und Verbraucherzentrale beraten gemeinsam\"}]},{\"@type\":\"WebSite\",\"@id\":\"https:\\\/\\\/neues-mitteldeutschland.de\\\/#website\",\"url\":\"https:\\\/\\\/neues-mitteldeutschland.de\\\/\",\"name\":\"Neues-Mitteldeutschland\",\"description\":\"Ihre Werbeagentur, Nachrichten- &amp; Branchenportal\",\"publisher\":{\"@id\":\"https:\\\/\\\/neues-mitteldeutschland.de\\\/#organization\"},\"potentialAction\":[{\"@type\":\"SearchAction\",\"target\":{\"@type\":\"EntryPoint\",\"urlTemplate\":\"https:\\\/\\\/neues-mitteldeutschland.de\\\/?s={search_term_string}\"},\"query-input\":{\"@type\":\"PropertyValueSpecification\",\"valueRequired\":true,\"valueName\":\"search_term_string\"}}],\"inLanguage\":\"de\"},{\"@type\":\"Organization\",\"@id\":\"https:\\\/\\\/neues-mitteldeutschland.de\\\/#organization\",\"name\":\"Neues-Mitteldeutschland\",\"url\":\"https:\\\/\\\/neues-mitteldeutschland.de\\\/\",\"logo\":{\"@type\":\"ImageObject\",\"inLanguage\":\"de\",\"@id\":\"https:\\\/\\\/neues-mitteldeutschland.de\\\/#\\\/schema\\\/logo\\\/image\\\/\",\"url\":\"https:\\\/\\\/www.neues-mitteldeutschland.de\\\/wp-content\\\/uploads\\\/2026\\\/01\\\/cropped-Logo-Banner.jpg\",\"contentUrl\":\"https:\\\/\\\/www.neues-mitteldeutschland.de\\\/wp-content\\\/uploads\\\/2026\\\/01\\\/cropped-Logo-Banner.jpg\",\"width\":1152,\"height\":170,\"caption\":\"Neues-Mitteldeutschland\"},\"image\":{\"@id\":\"https:\\\/\\\/neues-mitteldeutschland.de\\\/#\\\/schema\\\/logo\\\/image\\\/\"},\"sameAs\":[\"https:\\\/\\\/www.facebook.com\\\/NeuesMitteldeutschland\",\"https:\\\/\\\/www.instagram.com\\\/neues_mitteldeutschland_gc\\\/\"]},{\"@type\":\"Person\",\"@id\":\"https:\\\/\\\/neues-mitteldeutschland.de\\\/#\\\/schema\\\/person\\\/a035875f548cacf83c2f6b0011631327\",\"name\":\"NMD-Admin\",\"image\":{\"@type\":\"ImageObject\",\"inLanguage\":\"de\",\"@id\":\"https:\\\/\\\/secure.gravatar.com\\\/avatar\\\/4c19fba03af26e7fee85b847ac08e68b88b74f1044c942c04173631c7e2607f5?s=96&d=mm&r=g\",\"url\":\"https:\\\/\\\/secure.gravatar.com\\\/avatar\\\/4c19fba03af26e7fee85b847ac08e68b88b74f1044c942c04173631c7e2607f5?s=96&d=mm&r=g\",\"contentUrl\":\"https:\\\/\\\/secure.gravatar.com\\\/avatar\\\/4c19fba03af26e7fee85b847ac08e68b88b74f1044c942c04173631c7e2607f5?s=96&d=mm&r=g\",\"caption\":\"NMD-Admin\"},\"sameAs\":[\"http:\\\/\\\/neuesmitteldeutschland.test\"],\"url\":\"https:\\\/\\\/www.neues-mitteldeutschland.de\\\/index.php\\\/author\\\/nmd-admin\\\/\"}]}<\/script>\n<!-- \/ Yoast SEO plugin. -->","yoast_head_json":{"title":"Energie sparen im Haushalt: UiZ und Verbraucherzentrale beraten gemeinsam -","robots":{"index":"index","follow":"follow","max-snippet":"max-snippet:-1","max-image-preview":"max-image-preview:large","max-video-preview":"max-video-preview:-1"},"canonical":"https:\/\/neues-mitteldeutschland.de\/index.php\/2026\/09\/02\/energie-sparen-im-haushalt-uiz-und-verbraucherzentrale-beraten-gemeinsam\/","og_locale":"de_DE","og_type":"article","og_title":"Energie sparen im Haushalt: UiZ und Verbraucherzentrale beraten gemeinsam -","og_description":"Energie sparen im Haushalt: UiZ und Verbraucherzentrale beraten gemeinsam Am Dienstag, den 8. September, bietet das Umweltinformationszentrum (UiZ) zwischen 15:45 Uhr und 18 Uhr zusammen mit der Verbraucherzentrale Sachsen im Technischen Rathaus eine anbieterunabh\u00e4ngige, kostenlose Energieberatung sowie die Ausleihe von Strommessger\u00e4ten an. Die Schwerpunkte werden Energiesparen im Haushalt, baulicher W\u00e4rmeschutz, regenerative Energien sowie F\u00f6rderm\u00f6glichkeiten und [&hellip;]","og_url":"https:\/\/neues-mitteldeutschland.de\/index.php\/2026\/09\/02\/energie-sparen-im-haushalt-uiz-und-verbraucherzentrale-beraten-gemeinsam\/","article_publisher":"https:\/\/www.facebook.com\/NeuesMitteldeutschland","article_published_time":"2026-09-02T11:52:46+00:00","author":"NMD-Admin","twitter_card":"summary_large_image","twitter_misc":{"Verfasst von":"NMD-Admin","Gesch\u00e4tzte Lesezeit":"1\u00a0Minute"},"schema":{"@context":"https:\/\/schema.org","@graph":[{"@type":"Article","@id":"https:\/\/neues-mitteldeutschland.de\/index.php\/2026\/09\/02\/energie-sparen-im-haushalt-uiz-und-verbraucherzentrale-beraten-gemeinsam\/#article","isPartOf":{"@id":"https:\/\/neues-mitteldeutschland.de\/index.php\/2026\/09\/02\/energie-sparen-im-haushalt-uiz-und-verbraucherzentrale-beraten-gemeinsam\/"},"author":{"name":"NMD-Admin","@id":"https:\/\/neues-mitteldeutschland.de\/#\/schema\/person\/a035875f548cacf83c2f6b0011631327"},"headline":"Energie sparen im Haushalt: UiZ und Verbraucherzentrale beraten gemeinsam","datePublished":"2026-09-02T11:52:46+00:00","mainEntityOfPage":{"@id":"https:\/\/neues-mitteldeutschland.de\/index.php\/2026\/09\/02\/energie-sparen-im-haushalt-uiz-und-verbraucherzentrale-beraten-gemeinsam\/"},"wordCount":135,"publisher":{"@id":"https:\/\/neues-mitteldeutschland.de\/#organization"},"image":{"@id":"https:\/\/neues-mitteldeutschland.de\/index.php\/2026\/09\/02\/energie-sparen-im-haushalt-uiz-und-verbraucherzentrale-beraten-gemeinsam\/#primaryimage"},"thumbnailUrl":"https:\/\/www.neues-mitteldeutschland.de\/wp-content\/uploads\/2025\/10\/Portaleintrag_Leipzig.jpg","articleSection":["Leipzig"],"inLanguage":"de"},{"@type":"WebPage","@id":"https:\/\/neues-mitteldeutschland.de\/index.php\/2026\/09\/02\/energie-sparen-im-haushalt-uiz-und-verbraucherzentrale-beraten-gemeinsam\/","url":"https:\/\/neues-mitteldeutschland.de\/index.php\/2026\/09\/02\/energie-sparen-im-haushalt-uiz-und-verbraucherzentrale-beraten-gemeinsam\/","name":"Energie sparen im Haushalt: UiZ und Verbraucherzentrale beraten gemeinsam -","isPartOf":{"@id":"https:\/\/neues-mitteldeutschland.de\/#website"},"primaryImageOfPage":{"@id":"https:\/\/neues-mitteldeutschland.de\/index.php\/2026\/09\/02\/energie-sparen-im-haushalt-uiz-und-verbraucherzentrale-beraten-gemeinsam\/#primaryimage"},"image":{"@id":"https:\/\/neues-mitteldeutschland.de\/index.php\/2026\/09\/02\/energie-sparen-im-haushalt-uiz-und-verbraucherzentrale-beraten-gemeinsam\/#primaryimage"},"thumbnailUrl":"https:\/\/www.neues-mitteldeutschland.de\/wp-content\/uploads\/2025\/10\/Portaleintrag_Leipzig.jpg","datePublished":"2026-09-02T11:52:46+00:00","breadcrumb":{"@id":"https:\/\/neues-mitteldeutschland.de\/index.php\/2026\/09\/02\/energie-sparen-im-haushalt-uiz-und-verbraucherzentrale-beraten-gemeinsam\/#breadcrumb"},"inLanguage":"de","potentialAction":[{"@type":"ReadAction","target":["https:\/\/neues-mitteldeutschland.de\/index.php\/2026\/09\/02\/energie-sparen-im-haushalt-uiz-und-verbraucherzentrale-beraten-gemeinsam\/"]}]},{"@type":"ImageObject","inLanguage":"de","@id":"https:\/\/neues-mitteldeutschland.de\/index.php\/2026\/09\/02\/energie-sparen-im-haushalt-uiz-und-verbraucherzentrale-beraten-gemeinsam\/#primaryimage","url":"https:\/\/www.neues-mitteldeutschland.de\/wp-content\/uploads\/2025\/10\/Portaleintrag_Leipzig.jpg","contentUrl":"https:\/\/www.neues-mitteldeutschland.de\/wp-content\/uploads\/2025\/10\/Portaleintrag_Leipzig.jpg","width":1200,"height":626},{"@type":"BreadcrumbList","@id":"https:\/\/neues-mitteldeutschland.de\/index.php\/2026\/09\/02\/energie-sparen-im-haushalt-uiz-und-verbraucherzentrale-beraten-gemeinsam\/#breadcrumb","itemListElement":[{"@type":"ListItem","position":1,"name":"Start","item":"https:\/\/neues-mitteldeutschland.de\/"},{"@type":"ListItem","position":2,"name":"Energie sparen im Haushalt: UiZ und Verbraucherzentrale beraten gemeinsam"}]},{"@type":"WebSite","@id":"https:\/\/neues-mitteldeutschland.de\/#website","url":"https:\/\/neues-mitteldeutschland.de\/","name":"Neues-Mitteldeutschland","description":"Ihre Werbeagentur, Nachrichten- &amp; Branchenportal","publisher":{"@id":"https:\/\/neues-mitteldeutschland.de\/#organization"},"potentialAction":[{"@type":"SearchAction","target":{"@type":"EntryPoint","urlTemplate":"https:\/\/neues-mitteldeutschland.de\/?s={search_term_string}"},"query-input":{"@type":"PropertyValueSpecification","valueRequired":true,"valueName":"search_term_string"}}],"inLanguage":"de"},{"@type":"Organization","@id":"https:\/\/neues-mitteldeutschland.de\/#organization","name":"Neues-Mitteldeutschland","url":"https:\/\/neues-mitteldeutschland.de\/","logo":{"@type":"ImageObject","inLanguage":"de","@id":"https:\/\/neues-mitteldeutschland.de\/#\/schema\/logo\/image\/","url":"https:\/\/www.neues-mitteldeutschland.de\/wp-content\/uploads\/2026\/01\/cropped-Logo-Banner.jpg","contentUrl":"https:\/\/www.neues-mitteldeutschland.de\/wp-content\/uploads\/2026\/01\/cropped-Logo-Banner.jpg","width":1152,"height":170,"caption":"Neues-Mitteldeutschland"},"image":{"@id":"https:\/\/neues-mitteldeutschland.de\/#\/schema\/logo\/image\/"},"sameAs":["https:\/\/www.facebook.com\/NeuesMitteldeutschland","https:\/\/www.instagram.com\/neues_mitteldeutschland_gc\/"]},{"@type":"Person","@id":"https:\/\/neues-mitteldeutschland.de\/#\/schema\/person\/a035875f548cacf83c2f6b0011631327","name":"NMD-Admin","image":{"@type":"ImageObject","inLanguage":"de","@id":"https:\/\/secure.gravatar.com\/avatar\/4c19fba03af26e7fee85b847ac08e68b88b74f1044c942c04173631c7e2607f5?s=96&d=mm&r=g","url":"https:\/\/secure.gravatar.com\/avatar\/4c19fba03af26e7fee85b847ac08e68b88b74f1044c942c04173631c7e2607f5?s=96&d=mm&r=g","contentUrl":"https:\/\/secure.gravatar.com\/avatar\/4c19fba03af26e7fee85b847ac08e68b88b74f1044c942c04173631c7e2607f5?s=96&d=mm&r=g","caption":"NMD-Admin"},"sameAs":["http:\/\/neuesmitteldeutschland.test"],"url":"https:\/\/www.neues-mitteldeutschland.de\/index.php\/author\/nmd-admin\/"}]}},"publishpress_future_action":{"enabled":true,"date":"2026-09-09 13:48:38","action":"change-status","newStatus":"draft","terms":[0],"taxonomy":"category","extraData":[]},"publishpress_future_workflow_manual_trigger":{"enabledWorkflows":[]},"_links":{"self":[{"href":"https:\/\/www.neues-mitteldeutschland.de\/index.php\/wp-json\/wp\/v2\/posts\/2873","targetHints":{"allow":["GET"]}}],"collection":[{"href":"https:\/\/www.neues-mitteldeutschland.de\/index.php\/wp-json\/wp\/v2\/posts"}],"about":[{"href":"https:\/\/www.neues-mitteldeutschland.de\/index.php\/wp-json\/wp\/v2\/types\/post"}],"author":[{"embeddable":true,"href":"https:\/\/www.neues-mitteldeutschland.de\/index.php\/wp-json\/wp\/v2\/users\/1"}],"replies":[{"embeddable":true,"href":"https:\/\/www.neues-mitteldeutschland.de\/index.php\/wp-json\/wp\/v2\/comments?post=2873"}],"version-history":[{"count":1,"href":"https:\/\/www.neues-mitteldeutschland.de\/index.php\/wp-json\/wp\/v2\/posts\/2873\/revisions"}],"predecessor-version":[{"id":2874,"href":"https:\/\/www.neues-mitteldeutschland.de\/index.php\/wp-json\/wp\/v2\/posts\/2873\/revisions\/2874"}],"wp:featuredmedia":[{"embeddable":true,"href":"https:\/\/www.neues-mitteldeutschland.de\/index.php\/wp-json\/wp\/v2\/media\/132"}],"wp:attachment":[{"href":"https:\/\/www.neues-mitteldeutschland.de\/index.php\/wp-json\/wp\/v2\/media?parent=2873"}],"wp:term":[{"taxonomy":"category","embeddable":true,"href":"https:\/\/www.neues-mitteldeutschland.de\/index.php\/wp-json\/wp\/v2\/categories?post=2873"},{"taxonomy":"post_tag","embeddable":true,"href":"https:\/\/www.neues-mitteldeutschland.de\/index.php\/wp-json\/wp\/v2\/tags?post=2873"}],"curies":[{"name":"wp","href":"https:\/\/api.w.org\/{rel}","templated":true}]}}