{"id":2881,"date":"2026-09-02T14:02:24","date_gmt":"2026-09-02T12:02:24","guid":{"rendered":"https:\/\/neues-mitteldeutschland.de\/?p=2881"},"modified":"2026-09-02T14:02:24","modified_gmt":"2026-09-02T12:02:24","slug":"ungewoehnliche-einblicke-beim-tag-der-offenen-tuer-in-der-klaeranlage-kuehnhausen","status":"publish","type":"post","link":"https:\/\/www.neues-mitteldeutschland.de\/index.php\/2026\/09\/02\/ungewoehnliche-einblicke-beim-tag-der-offenen-tuer-in-der-klaeranlage-kuehnhausen\/","title":{"rendered":"Ungew\u00f6hnliche Einblicke beim Tag der offenen T\u00fcr in der Kl\u00e4ranlage K\u00fchnhausen"},"content":{"rendered":"<p>&nbsp;<\/p>\n<p>Ungew\u00f6hnliche Einblicke beim Tag der offenen T\u00fcr in der Kl\u00e4ranlage K\u00fchnhausen<\/p>\n<p>Pressemitteilung: 01.09.2026 16:57 Kategorie: Freizeit, Abwasser, Entw\u00e4sserungsbetrieb<\/p>\n<p>Spannende und nicht allt\u00e4gliche Einblicke gibt es am Samstag, dem 5. September 2026, in der Kl\u00e4ranlage K\u00fchnhausen. Der Erfurter Entw\u00e4sserungsbetrieb l\u00e4dt von 10:00 bis 16:00 Uhr zum Tag der offenen T\u00fcr ein. Besucherinnen und Besucherinnen haben die M\u00f6glichkeit, das Zentralkl\u00e4rwerk zu besichtigen und hinter die Kulissen zu schauen.<\/p>\n<p>Bei st\u00fcndlichen F\u00fchrungen wird anschaulich vermittelt, wie aus Abwasser wieder sauberes Wasser wird und welche Behandlungsschritte daf\u00fcr notwendig sind. Dar\u00fcber hinaus k\u00f6nnen kleine und gro\u00dfe Technik-Fans die Technik der Kanalreinigung sowie die Kameratechnik zur Kanalinspektion in Augenschein nehmen. Doch es geht nicht nur in die Tiefe: Bei einer Begehung der Fault\u00fcrme bietet sich eine beeindruckende Aussicht aus 34 Meter H\u00f6he.<\/p>\n<p>Auf welche kuriosen Funde die Mitarbeiter des Entw\u00e4sserungsbetriebes im Kanalnetz sto\u00dfen, zeigen Filmausschnitte. Zus\u00e4tzlich pr\u00e4sentieren sich die einzelnen Abteilungen des Entw\u00e4sserungsbetriebes und informieren zu Themen wie Geb\u00fchren, Entw\u00e4sserungsplanung und Grundst\u00fccksentw\u00e4sserung. Auch das Umwelt- und Naturschutzamt ist mit verschiedenen Informationsst\u00e4nden vor Ort.<\/p>\n<p>Der Tag der offenen T\u00fcr soll gleichzeitig den Erfurter Entw\u00e4sserungsbetrieb als Arbeits- und Ausbildungsplatz pr\u00e4sentieren. \u201eWir brauchen dringend Ingenieure, IT-Fachleute, Fachkr\u00e4fte f\u00fcr Abwassertechnik, Elektroniker f\u00fcr Betriebstechnik und Meister oder Techniker\u201c, sagt Martin H\u00f6fer, Leiter des Erfurter Entw\u00e4sserungsbetriebs. Auch an den potentiellen Nachwuchs von morgen haben die Programmgestalter gedacht: Die j\u00fcngeren G\u00e4ste k\u00f6nnen sich mit H\u00fcpfburg, Fotobox, Minibagger und anderen Aktionsst\u00e4nden vergn\u00fcgen. F\u00fcr das leibliche Wohl ist selbstverst\u00e4ndlich gesorgt. Parkm\u00f6glichkeiten stehen auf dem Gel\u00e4nde des Entw\u00e4sserungsbetriebes nur eingeschr\u00e4nkt zur Verf\u00fcgung.<\/p>\n<p>Der Erfurter Entw\u00e4sserungsbetrieb w\u00fcrdigt mit diesem Tag auch ein besonderes Jubil\u00e4um: Von 1971 bis 1976 erfolgte der Neubau der Kl\u00e4ranlage K\u00fchnhausen, die 2026 ihr 50-j\u00e4hriges Bestehen feiert. Heute arbeitet die Anlage technisch auf hohem Niveau und erf\u00fcllt alle \u00f6kologischen Anspr\u00fcche. \u201eAktuell ist unsere Kl\u00e4ranlage eine Gro\u00dfbaustelle, nach \u00fcber vier Jahrzehnten Betriebszeit ist das v\u00f6llig normal. Die Erneuerung von vier der sechs vorhandenen Nachkl\u00e4rbecken sowie die Erneuerung der Vorkl\u00e4rung, die noch bis zum Jahr 2036 andauern wird, stellen f\u00fcr den Entw\u00e4sserungsbetrieb besondere Herausforderungen dar\u201c, so H\u00f6fer.<\/p>\n","protected":false},"excerpt":{"rendered":"<p>&nbsp; Ungew\u00f6hnliche Einblicke beim Tag der offenen T\u00fcr in der Kl\u00e4ranlage K\u00fchnhausen Pressemitteilung: 01.09.2026 16:57 Kategorie: Freizeit, Abwasser, Entw\u00e4sserungsbetrieb Spannende und nicht allt\u00e4gliche Einblicke gibt es am Samstag, dem 5. September 2026, in der Kl\u00e4ranlage K\u00fchnhausen. Der Erfurter Entw\u00e4sserungsbetrieb l\u00e4dt von 10:00 bis 16:00 Uhr zum Tag der offenen T\u00fcr ein. Besucherinnen und Besucherinnen haben [&hellip;]<\/p>\n","protected":false},"author":1,"featured_media":135,"comment_status":"closed","ping_status":"open","sticky":false,"template":"","format":"standard","meta":{"footnotes":""},"categories":[21],"tags":[],"class_list":["post-2881","post","type-post","status-publish","format-standard","has-post-thumbnail","hentry","category-erfurt"],"yoast_head":"<!-- This site is optimized with the Yoast SEO plugin v28.2 - https:\/\/yoast.com\/product\/yoast-seo-wordpress\/ -->\n<title>Ungew\u00f6hnliche Einblicke beim Tag der offenen T\u00fcr in der Kl\u00e4ranlage K\u00fchnhausen -<\/title>\n<meta name=\"robots\" content=\"index, follow, max-snippet:-1, max-image-preview:large, max-video-preview:-1\" \/>\n<link rel=\"canonical\" href=\"https:\/\/neues-mitteldeutschland.de\/index.php\/2026\/09\/02\/ungewoehnliche-einblicke-beim-tag-der-offenen-tuer-in-der-klaeranlage-kuehnhausen\/\" \/>\n<meta property=\"og:locale\" content=\"de_DE\" \/>\n<meta property=\"og:type\" content=\"article\" \/>\n<meta property=\"og:title\" content=\"Ungew\u00f6hnliche Einblicke beim Tag der offenen T\u00fcr in der Kl\u00e4ranlage K\u00fchnhausen -\" \/>\n<meta property=\"og:description\" content=\"&nbsp; Ungew\u00f6hnliche Einblicke beim Tag der offenen T\u00fcr in der Kl\u00e4ranlage K\u00fchnhausen Pressemitteilung: 01.09.2026 16:57 Kategorie: Freizeit, Abwasser, Entw\u00e4sserungsbetrieb Spannende und nicht allt\u00e4gliche Einblicke gibt es am Samstag, dem 5. September 2026, in der Kl\u00e4ranlage K\u00fchnhausen. Der Erfurter Entw\u00e4sserungsbetrieb l\u00e4dt von 10:00 bis 16:00 Uhr zum Tag der offenen T\u00fcr ein. Besucherinnen und Besucherinnen haben [&hellip;]\" \/>\n<meta property=\"og:url\" content=\"https:\/\/neues-mitteldeutschland.de\/index.php\/2026\/09\/02\/ungewoehnliche-einblicke-beim-tag-der-offenen-tuer-in-der-klaeranlage-kuehnhausen\/\" \/>\n<meta property=\"article:publisher\" content=\"https:\/\/www.facebook.com\/NeuesMitteldeutschland\" \/>\n<meta property=\"article:published_time\" content=\"2026-09-02T12:02:24+00:00\" \/>\n<meta name=\"author\" content=\"NMD-Admin\" \/>\n<meta name=\"twitter:card\" content=\"summary_large_image\" \/>\n<meta name=\"twitter:label1\" content=\"Verfasst von\" \/>\n\t<meta name=\"twitter:data1\" content=\"NMD-Admin\" \/>\n\t<meta name=\"twitter:label2\" content=\"Gesch\u00e4tzte Lesezeit\" \/>\n\t<meta name=\"twitter:data2\" content=\"2\u00a0Minuten\" \/>\n<script type=\"application\/ld+json\" class=\"yoast-schema-graph\">{\"@context\":\"https:\\\/\\\/schema.org\",\"@graph\":[{\"@type\":\"Article\",\"@id\":\"https:\\\/\\\/neues-mitteldeutschland.de\\\/index.php\\\/2026\\\/09\\\/02\\\/ungewoehnliche-einblicke-beim-tag-der-offenen-tuer-in-der-klaeranlage-kuehnhausen\\\/#article\",\"isPartOf\":{\"@id\":\"https:\\\/\\\/neues-mitteldeutschland.de\\\/index.php\\\/2026\\\/09\\\/02\\\/ungewoehnliche-einblicke-beim-tag-der-offenen-tuer-in-der-klaeranlage-kuehnhausen\\\/\"},\"author\":{\"name\":\"NMD-Admin\",\"@id\":\"https:\\\/\\\/neues-mitteldeutschland.de\\\/#\\\/schema\\\/person\\\/a035875f548cacf83c2f6b0011631327\"},\"headline\":\"Ungew\u00f6hnliche Einblicke beim Tag der offenen T\u00fcr in der Kl\u00e4ranlage K\u00fchnhausen\",\"datePublished\":\"2026-09-02T12:02:24+00:00\",\"mainEntityOfPage\":{\"@id\":\"https:\\\/\\\/neues-mitteldeutschland.de\\\/index.php\\\/2026\\\/09\\\/02\\\/ungewoehnliche-einblicke-beim-tag-der-offenen-tuer-in-der-klaeranlage-kuehnhausen\\\/\"},\"wordCount\":404,\"publisher\":{\"@id\":\"https:\\\/\\\/neues-mitteldeutschland.de\\\/#organization\"},\"image\":{\"@id\":\"https:\\\/\\\/neues-mitteldeutschland.de\\\/index.php\\\/2026\\\/09\\\/02\\\/ungewoehnliche-einblicke-beim-tag-der-offenen-tuer-in-der-klaeranlage-kuehnhausen\\\/#primaryimage\"},\"thumbnailUrl\":\"https:\\\/\\\/www.neues-mitteldeutschland.de\\\/wp-content\\\/uploads\\\/2025\\\/10\\\/Portaleintrag_Erfurt.jpg\",\"articleSection\":[\"Erfurt\"],\"inLanguage\":\"de\"},{\"@type\":\"WebPage\",\"@id\":\"https:\\\/\\\/neues-mitteldeutschland.de\\\/index.php\\\/2026\\\/09\\\/02\\\/ungewoehnliche-einblicke-beim-tag-der-offenen-tuer-in-der-klaeranlage-kuehnhausen\\\/\",\"url\":\"https:\\\/\\\/neues-mitteldeutschland.de\\\/index.php\\\/2026\\\/09\\\/02\\\/ungewoehnliche-einblicke-beim-tag-der-offenen-tuer-in-der-klaeranlage-kuehnhausen\\\/\",\"name\":\"Ungew\u00f6hnliche Einblicke beim Tag der offenen T\u00fcr in der Kl\u00e4ranlage K\u00fchnhausen -\",\"isPartOf\":{\"@id\":\"https:\\\/\\\/neues-mitteldeutschland.de\\\/#website\"},\"primaryImageOfPage\":{\"@id\":\"https:\\\/\\\/neues-mitteldeutschland.de\\\/index.php\\\/2026\\\/09\\\/02\\\/ungewoehnliche-einblicke-beim-tag-der-offenen-tuer-in-der-klaeranlage-kuehnhausen\\\/#primaryimage\"},\"image\":{\"@id\":\"https:\\\/\\\/neues-mitteldeutschland.de\\\/index.php\\\/2026\\\/09\\\/02\\\/ungewoehnliche-einblicke-beim-tag-der-offenen-tuer-in-der-klaeranlage-kuehnhausen\\\/#primaryimage\"},\"thumbnailUrl\":\"https:\\\/\\\/www.neues-mitteldeutschland.de\\\/wp-content\\\/uploads\\\/2025\\\/10\\\/Portaleintrag_Erfurt.jpg\",\"datePublished\":\"2026-09-02T12:02:24+00:00\",\"breadcrumb\":{\"@id\":\"https:\\\/\\\/neues-mitteldeutschland.de\\\/index.php\\\/2026\\\/09\\\/02\\\/ungewoehnliche-einblicke-beim-tag-der-offenen-tuer-in-der-klaeranlage-kuehnhausen\\\/#breadcrumb\"},\"inLanguage\":\"de\",\"potentialAction\":[{\"@type\":\"ReadAction\",\"target\":[\"https:\\\/\\\/neues-mitteldeutschland.de\\\/index.php\\\/2026\\\/09\\\/02\\\/ungewoehnliche-einblicke-beim-tag-der-offenen-tuer-in-der-klaeranlage-kuehnhausen\\\/\"]}]},{\"@type\":\"ImageObject\",\"inLanguage\":\"de\",\"@id\":\"https:\\\/\\\/neues-mitteldeutschland.de\\\/index.php\\\/2026\\\/09\\\/02\\\/ungewoehnliche-einblicke-beim-tag-der-offenen-tuer-in-der-klaeranlage-kuehnhausen\\\/#primaryimage\",\"url\":\"https:\\\/\\\/www.neues-mitteldeutschland.de\\\/wp-content\\\/uploads\\\/2025\\\/10\\\/Portaleintrag_Erfurt.jpg\",\"contentUrl\":\"https:\\\/\\\/www.neues-mitteldeutschland.de\\\/wp-content\\\/uploads\\\/2025\\\/10\\\/Portaleintrag_Erfurt.jpg\",\"width\":1200,\"height\":626},{\"@type\":\"BreadcrumbList\",\"@id\":\"https:\\\/\\\/neues-mitteldeutschland.de\\\/index.php\\\/2026\\\/09\\\/02\\\/ungewoehnliche-einblicke-beim-tag-der-offenen-tuer-in-der-klaeranlage-kuehnhausen\\\/#breadcrumb\",\"itemListElement\":[{\"@type\":\"ListItem\",\"position\":1,\"name\":\"Start\",\"item\":\"https:\\\/\\\/neues-mitteldeutschland.de\\\/\"},{\"@type\":\"ListItem\",\"position\":2,\"name\":\"Ungew\u00f6hnliche Einblicke beim Tag der offenen T\u00fcr in der Kl\u00e4ranlage K\u00fchnhausen\"}]},{\"@type\":\"WebSite\",\"@id\":\"https:\\\/\\\/neues-mitteldeutschland.de\\\/#website\",\"url\":\"https:\\\/\\\/neues-mitteldeutschland.de\\\/\",\"name\":\"Neues-Mitteldeutschland\",\"description\":\"Ihre Werbeagentur, Nachrichten- &amp; Branchenportal\",\"publisher\":{\"@id\":\"https:\\\/\\\/neues-mitteldeutschland.de\\\/#organization\"},\"potentialAction\":[{\"@type\":\"SearchAction\",\"target\":{\"@type\":\"EntryPoint\",\"urlTemplate\":\"https:\\\/\\\/neues-mitteldeutschland.de\\\/?s={search_term_string}\"},\"query-input\":{\"@type\":\"PropertyValueSpecification\",\"valueRequired\":true,\"valueName\":\"search_term_string\"}}],\"inLanguage\":\"de\"},{\"@type\":\"Organization\",\"@id\":\"https:\\\/\\\/neues-mitteldeutschland.de\\\/#organization\",\"name\":\"Neues-Mitteldeutschland\",\"url\":\"https:\\\/\\\/neues-mitteldeutschland.de\\\/\",\"logo\":{\"@type\":\"ImageObject\",\"inLanguage\":\"de\",\"@id\":\"https:\\\/\\\/neues-mitteldeutschland.de\\\/#\\\/schema\\\/logo\\\/image\\\/\",\"url\":\"https:\\\/\\\/www.neues-mitteldeutschland.de\\\/wp-content\\\/uploads\\\/2026\\\/01\\\/cropped-Logo-Banner.jpg\",\"contentUrl\":\"https:\\\/\\\/www.neues-mitteldeutschland.de\\\/wp-content\\\/uploads\\\/2026\\\/01\\\/cropped-Logo-Banner.jpg\",\"width\":1152,\"height\":170,\"caption\":\"Neues-Mitteldeutschland\"},\"image\":{\"@id\":\"https:\\\/\\\/neues-mitteldeutschland.de\\\/#\\\/schema\\\/logo\\\/image\\\/\"},\"sameAs\":[\"https:\\\/\\\/www.facebook.com\\\/NeuesMitteldeutschland\",\"https:\\\/\\\/www.instagram.com\\\/neues_mitteldeutschland_gc\\\/\"]},{\"@type\":\"Person\",\"@id\":\"https:\\\/\\\/neues-mitteldeutschland.de\\\/#\\\/schema\\\/person\\\/a035875f548cacf83c2f6b0011631327\",\"name\":\"NMD-Admin\",\"image\":{\"@type\":\"ImageObject\",\"inLanguage\":\"de\",\"@id\":\"https:\\\/\\\/secure.gravatar.com\\\/avatar\\\/4c19fba03af26e7fee85b847ac08e68b88b74f1044c942c04173631c7e2607f5?s=96&d=mm&r=g\",\"url\":\"https:\\\/\\\/secure.gravatar.com\\\/avatar\\\/4c19fba03af26e7fee85b847ac08e68b88b74f1044c942c04173631c7e2607f5?s=96&d=mm&r=g\",\"contentUrl\":\"https:\\\/\\\/secure.gravatar.com\\\/avatar\\\/4c19fba03af26e7fee85b847ac08e68b88b74f1044c942c04173631c7e2607f5?s=96&d=mm&r=g\",\"caption\":\"NMD-Admin\"},\"sameAs\":[\"http:\\\/\\\/neuesmitteldeutschland.test\"],\"url\":\"https:\\\/\\\/www.neues-mitteldeutschland.de\\\/index.php\\\/author\\\/nmd-admin\\\/\"}]}<\/script>\n<!-- \/ Yoast SEO plugin. -->","yoast_head_json":{"title":"Ungew\u00f6hnliche Einblicke beim Tag der offenen T\u00fcr in der Kl\u00e4ranlage K\u00fchnhausen -","robots":{"index":"index","follow":"follow","max-snippet":"max-snippet:-1","max-image-preview":"max-image-preview:large","max-video-preview":"max-video-preview:-1"},"canonical":"https:\/\/neues-mitteldeutschland.de\/index.php\/2026\/09\/02\/ungewoehnliche-einblicke-beim-tag-der-offenen-tuer-in-der-klaeranlage-kuehnhausen\/","og_locale":"de_DE","og_type":"article","og_title":"Ungew\u00f6hnliche Einblicke beim Tag der offenen T\u00fcr in der Kl\u00e4ranlage K\u00fchnhausen -","og_description":"&nbsp; Ungew\u00f6hnliche Einblicke beim Tag der offenen T\u00fcr in der Kl\u00e4ranlage K\u00fchnhausen Pressemitteilung: 01.09.2026 16:57 Kategorie: Freizeit, Abwasser, Entw\u00e4sserungsbetrieb Spannende und nicht allt\u00e4gliche Einblicke gibt es am Samstag, dem 5. September 2026, in der Kl\u00e4ranlage K\u00fchnhausen. Der Erfurter Entw\u00e4sserungsbetrieb l\u00e4dt von 10:00 bis 16:00 Uhr zum Tag der offenen T\u00fcr ein. Besucherinnen und Besucherinnen haben [&hellip;]","og_url":"https:\/\/neues-mitteldeutschland.de\/index.php\/2026\/09\/02\/ungewoehnliche-einblicke-beim-tag-der-offenen-tuer-in-der-klaeranlage-kuehnhausen\/","article_publisher":"https:\/\/www.facebook.com\/NeuesMitteldeutschland","article_published_time":"2026-09-02T12:02:24+00:00","author":"NMD-Admin","twitter_card":"summary_large_image","twitter_misc":{"Verfasst von":"NMD-Admin","Gesch\u00e4tzte Lesezeit":"2\u00a0Minuten"},"schema":{"@context":"https:\/\/schema.org","@graph":[{"@type":"Article","@id":"https:\/\/neues-mitteldeutschland.de\/index.php\/2026\/09\/02\/ungewoehnliche-einblicke-beim-tag-der-offenen-tuer-in-der-klaeranlage-kuehnhausen\/#article","isPartOf":{"@id":"https:\/\/neues-mitteldeutschland.de\/index.php\/2026\/09\/02\/ungewoehnliche-einblicke-beim-tag-der-offenen-tuer-in-der-klaeranlage-kuehnhausen\/"},"author":{"name":"NMD-Admin","@id":"https:\/\/neues-mitteldeutschland.de\/#\/schema\/person\/a035875f548cacf83c2f6b0011631327"},"headline":"Ungew\u00f6hnliche Einblicke beim Tag der offenen T\u00fcr in der Kl\u00e4ranlage K\u00fchnhausen","datePublished":"2026-09-02T12:02:24+00:00","mainEntityOfPage":{"@id":"https:\/\/neues-mitteldeutschland.de\/index.php\/2026\/09\/02\/ungewoehnliche-einblicke-beim-tag-der-offenen-tuer-in-der-klaeranlage-kuehnhausen\/"},"wordCount":404,"publisher":{"@id":"https:\/\/neues-mitteldeutschland.de\/#organization"},"image":{"@id":"https:\/\/neues-mitteldeutschland.de\/index.php\/2026\/09\/02\/ungewoehnliche-einblicke-beim-tag-der-offenen-tuer-in-der-klaeranlage-kuehnhausen\/#primaryimage"},"thumbnailUrl":"https:\/\/www.neues-mitteldeutschland.de\/wp-content\/uploads\/2025\/10\/Portaleintrag_Erfurt.jpg","articleSection":["Erfurt"],"inLanguage":"de"},{"@type":"WebPage","@id":"https:\/\/neues-mitteldeutschland.de\/index.php\/2026\/09\/02\/ungewoehnliche-einblicke-beim-tag-der-offenen-tuer-in-der-klaeranlage-kuehnhausen\/","url":"https:\/\/neues-mitteldeutschland.de\/index.php\/2026\/09\/02\/ungewoehnliche-einblicke-beim-tag-der-offenen-tuer-in-der-klaeranlage-kuehnhausen\/","name":"Ungew\u00f6hnliche Einblicke beim Tag der offenen T\u00fcr in der Kl\u00e4ranlage K\u00fchnhausen -","isPartOf":{"@id":"https:\/\/neues-mitteldeutschland.de\/#website"},"primaryImageOfPage":{"@id":"https:\/\/neues-mitteldeutschland.de\/index.php\/2026\/09\/02\/ungewoehnliche-einblicke-beim-tag-der-offenen-tuer-in-der-klaeranlage-kuehnhausen\/#primaryimage"},"image":{"@id":"https:\/\/neues-mitteldeutschland.de\/index.php\/2026\/09\/02\/ungewoehnliche-einblicke-beim-tag-der-offenen-tuer-in-der-klaeranlage-kuehnhausen\/#primaryimage"},"thumbnailUrl":"https:\/\/www.neues-mitteldeutschland.de\/wp-content\/uploads\/2025\/10\/Portaleintrag_Erfurt.jpg","datePublished":"2026-09-02T12:02:24+00:00","breadcrumb":{"@id":"https:\/\/neues-mitteldeutschland.de\/index.php\/2026\/09\/02\/ungewoehnliche-einblicke-beim-tag-der-offenen-tuer-in-der-klaeranlage-kuehnhausen\/#breadcrumb"},"inLanguage":"de","potentialAction":[{"@type":"ReadAction","target":["https:\/\/neues-mitteldeutschland.de\/index.php\/2026\/09\/02\/ungewoehnliche-einblicke-beim-tag-der-offenen-tuer-in-der-klaeranlage-kuehnhausen\/"]}]},{"@type":"ImageObject","inLanguage":"de","@id":"https:\/\/neues-mitteldeutschland.de\/index.php\/2026\/09\/02\/ungewoehnliche-einblicke-beim-tag-der-offenen-tuer-in-der-klaeranlage-kuehnhausen\/#primaryimage","url":"https:\/\/www.neues-mitteldeutschland.de\/wp-content\/uploads\/2025\/10\/Portaleintrag_Erfurt.jpg","contentUrl":"https:\/\/www.neues-mitteldeutschland.de\/wp-content\/uploads\/2025\/10\/Portaleintrag_Erfurt.jpg","width":1200,"height":626},{"@type":"BreadcrumbList","@id":"https:\/\/neues-mitteldeutschland.de\/index.php\/2026\/09\/02\/ungewoehnliche-einblicke-beim-tag-der-offenen-tuer-in-der-klaeranlage-kuehnhausen\/#breadcrumb","itemListElement":[{"@type":"ListItem","position":1,"name":"Start","item":"https:\/\/neues-mitteldeutschland.de\/"},{"@type":"ListItem","position":2,"name":"Ungew\u00f6hnliche Einblicke beim Tag der offenen T\u00fcr in der Kl\u00e4ranlage K\u00fchnhausen"}]},{"@type":"WebSite","@id":"https:\/\/neues-mitteldeutschland.de\/#website","url":"https:\/\/neues-mitteldeutschland.de\/","name":"Neues-Mitteldeutschland","description":"Ihre Werbeagentur, Nachrichten- &amp; Branchenportal","publisher":{"@id":"https:\/\/neues-mitteldeutschland.de\/#organization"},"potentialAction":[{"@type":"SearchAction","target":{"@type":"EntryPoint","urlTemplate":"https:\/\/neues-mitteldeutschland.de\/?s={search_term_string}"},"query-input":{"@type":"PropertyValueSpecification","valueRequired":true,"valueName":"search_term_string"}}],"inLanguage":"de"},{"@type":"Organization","@id":"https:\/\/neues-mitteldeutschland.de\/#organization","name":"Neues-Mitteldeutschland","url":"https:\/\/neues-mitteldeutschland.de\/","logo":{"@type":"ImageObject","inLanguage":"de","@id":"https:\/\/neues-mitteldeutschland.de\/#\/schema\/logo\/image\/","url":"https:\/\/www.neues-mitteldeutschland.de\/wp-content\/uploads\/2026\/01\/cropped-Logo-Banner.jpg","contentUrl":"https:\/\/www.neues-mitteldeutschland.de\/wp-content\/uploads\/2026\/01\/cropped-Logo-Banner.jpg","width":1152,"height":170,"caption":"Neues-Mitteldeutschland"},"image":{"@id":"https:\/\/neues-mitteldeutschland.de\/#\/schema\/logo\/image\/"},"sameAs":["https:\/\/www.facebook.com\/NeuesMitteldeutschland","https:\/\/www.instagram.com\/neues_mitteldeutschland_gc\/"]},{"@type":"Person","@id":"https:\/\/neues-mitteldeutschland.de\/#\/schema\/person\/a035875f548cacf83c2f6b0011631327","name":"NMD-Admin","image":{"@type":"ImageObject","inLanguage":"de","@id":"https:\/\/secure.gravatar.com\/avatar\/4c19fba03af26e7fee85b847ac08e68b88b74f1044c942c04173631c7e2607f5?s=96&d=mm&r=g","url":"https:\/\/secure.gravatar.com\/avatar\/4c19fba03af26e7fee85b847ac08e68b88b74f1044c942c04173631c7e2607f5?s=96&d=mm&r=g","contentUrl":"https:\/\/secure.gravatar.com\/avatar\/4c19fba03af26e7fee85b847ac08e68b88b74f1044c942c04173631c7e2607f5?s=96&d=mm&r=g","caption":"NMD-Admin"},"sameAs":["http:\/\/neuesmitteldeutschland.test"],"url":"https:\/\/www.neues-mitteldeutschland.de\/index.php\/author\/nmd-admin\/"}]}},"publishpress_future_action":{"enabled":true,"date":"2026-09-06 13:56:41","action":"delete","newStatus":"draft","terms":[0],"taxonomy":"category","extraData":[]},"publishpress_future_workflow_manual_trigger":{"enabledWorkflows":[]},"_links":{"self":[{"href":"https:\/\/www.neues-mitteldeutschland.de\/index.php\/wp-json\/wp\/v2\/posts\/2881","targetHints":{"allow":["GET"]}}],"collection":[{"href":"https:\/\/www.neues-mitteldeutschland.de\/index.php\/wp-json\/wp\/v2\/posts"}],"about":[{"href":"https:\/\/www.neues-mitteldeutschland.de\/index.php\/wp-json\/wp\/v2\/types\/post"}],"author":[{"embeddable":true,"href":"https:\/\/www.neues-mitteldeutschland.de\/index.php\/wp-json\/wp\/v2\/users\/1"}],"replies":[{"embeddable":true,"href":"https:\/\/www.neues-mitteldeutschland.de\/index.php\/wp-json\/wp\/v2\/comments?post=2881"}],"version-history":[{"count":1,"href":"https:\/\/www.neues-mitteldeutschland.de\/index.php\/wp-json\/wp\/v2\/posts\/2881\/revisions"}],"predecessor-version":[{"id":2882,"href":"https:\/\/www.neues-mitteldeutschland.de\/index.php\/wp-json\/wp\/v2\/posts\/2881\/revisions\/2882"}],"wp:featuredmedia":[{"embeddable":true,"href":"https:\/\/www.neues-mitteldeutschland.de\/index.php\/wp-json\/wp\/v2\/media\/135"}],"wp:attachment":[{"href":"https:\/\/www.neues-mitteldeutschland.de\/index.php\/wp-json\/wp\/v2\/media?parent=2881"}],"wp:term":[{"taxonomy":"category","embeddable":true,"href":"https:\/\/www.neues-mitteldeutschland.de\/index.php\/wp-json\/wp\/v2\/categories?post=2881"},{"taxonomy":"post_tag","embeddable":true,"href":"https:\/\/www.neues-mitteldeutschland.de\/index.php\/wp-json\/wp\/v2\/tags?post=2881"}],"curies":[{"name":"wp","href":"https:\/\/api.w.org\/{rel}","templated":true}]}}