{"id":2883,"date":"2026-09-02T14:05:54","date_gmt":"2026-09-02T12:05:54","guid":{"rendered":"https:\/\/neues-mitteldeutschland.de\/?p=2883"},"modified":"2026-09-02T14:05:54","modified_gmt":"2026-09-02T12:05:54","slug":"queer-bib-talk-in-der-kinder-und-jugendbibliothek","status":"publish","type":"post","link":"https:\/\/www.neues-mitteldeutschland.de\/index.php\/2026\/09\/02\/queer-bib-talk-in-der-kinder-und-jugendbibliothek\/","title":{"rendered":"Queer Bib-Talk in der Kinder- und Jugendbibliothek"},"content":{"rendered":"<p>Queer Bib-Talk in der Kinder- und Jugendbibliothek<\/p>\n<p>Anl\u00e4sslich des Christopher Street Day, der am 5. September 2026 in Erfurt gefeiert wird, l\u00e4dt die Kinder- und Jugendbibliothek, Marktstra\u00dfe 21, am Donnerstag, dem 10. September 2026 zum 1. Queer Bib-Talk ein.<\/p>\n<p>Im gem\u00fctlichen Lesecaf\u00e9 werden f\u00fcr Jugendliche ab 13 Jahren queere Lieblingsb\u00fccher vorgestellt und regen zu einem offenen und wertsch\u00e4tzenden Austausch \u00fcber Vielfalt und Identit\u00e4t ein. Die Veranstaltung findet in Kooperation mit dem Queeren Zentrum Erfurt statt.<\/p>\n<p>Um eine Anmeldung unter 0361 655-1595 oder kinderbibliothek@erfurt.de wird gebeten.<\/p>\n","protected":false},"excerpt":{"rendered":"<p>Queer Bib-Talk in der Kinder- und Jugendbibliothek Anl\u00e4sslich des Christopher Street Day, der am 5. September 2026 in Erfurt gefeiert wird, l\u00e4dt die Kinder- und Jugendbibliothek, Marktstra\u00dfe 21, am Donnerstag, dem 10. September 2026 zum 1. Queer Bib-Talk ein. Im gem\u00fctlichen Lesecaf\u00e9 werden f\u00fcr Jugendliche ab 13 Jahren queere Lieblingsb\u00fccher vorgestellt und regen zu einem [&hellip;]<\/p>\n","protected":false},"author":1,"featured_media":135,"comment_status":"closed","ping_status":"open","sticky":false,"template":"","format":"standard","meta":{"footnotes":""},"categories":[21],"tags":[],"class_list":["post-2883","post","type-post","status-publish","format-standard","has-post-thumbnail","hentry","category-erfurt"],"yoast_head":"<!-- This site is optimized with the Yoast SEO plugin v28.2 - https:\/\/yoast.com\/product\/yoast-seo-wordpress\/ -->\n<title>Queer Bib-Talk in der Kinder- und Jugendbibliothek -<\/title>\n<meta name=\"robots\" content=\"index, follow, max-snippet:-1, max-image-preview:large, max-video-preview:-1\" \/>\n<link rel=\"canonical\" href=\"https:\/\/neues-mitteldeutschland.de\/index.php\/2026\/09\/02\/queer-bib-talk-in-der-kinder-und-jugendbibliothek\/\" \/>\n<meta property=\"og:locale\" content=\"de_DE\" \/>\n<meta property=\"og:type\" content=\"article\" \/>\n<meta property=\"og:title\" content=\"Queer Bib-Talk in der Kinder- und Jugendbibliothek -\" \/>\n<meta property=\"og:description\" content=\"Queer Bib-Talk in der Kinder- und Jugendbibliothek Anl\u00e4sslich des Christopher Street Day, der am 5. September 2026 in Erfurt gefeiert wird, l\u00e4dt die Kinder- und Jugendbibliothek, Marktstra\u00dfe 21, am Donnerstag, dem 10. September 2026 zum 1. Queer Bib-Talk ein. Im gem\u00fctlichen Lesecaf\u00e9 werden f\u00fcr Jugendliche ab 13 Jahren queere Lieblingsb\u00fccher vorgestellt und regen zu einem [&hellip;]\" \/>\n<meta property=\"og:url\" content=\"https:\/\/neues-mitteldeutschland.de\/index.php\/2026\/09\/02\/queer-bib-talk-in-der-kinder-und-jugendbibliothek\/\" \/>\n<meta property=\"article:publisher\" content=\"https:\/\/www.facebook.com\/NeuesMitteldeutschland\" \/>\n<meta property=\"article:published_time\" content=\"2026-09-02T12:05:54+00:00\" \/>\n<meta name=\"author\" content=\"NMD-Admin\" \/>\n<meta name=\"twitter:card\" content=\"summary_large_image\" \/>\n<meta name=\"twitter:label1\" content=\"Verfasst von\" \/>\n\t<meta name=\"twitter:data1\" content=\"NMD-Admin\" \/>\n\t<meta name=\"twitter:label2\" content=\"Gesch\u00e4tzte Lesezeit\" \/>\n\t<meta name=\"twitter:data2\" content=\"1\u00a0Minute\" \/>\n<script type=\"application\/ld+json\" class=\"yoast-schema-graph\">{\"@context\":\"https:\\\/\\\/schema.org\",\"@graph\":[{\"@type\":\"Article\",\"@id\":\"https:\\\/\\\/neues-mitteldeutschland.de\\\/index.php\\\/2026\\\/09\\\/02\\\/queer-bib-talk-in-der-kinder-und-jugendbibliothek\\\/#article\",\"isPartOf\":{\"@id\":\"https:\\\/\\\/neues-mitteldeutschland.de\\\/index.php\\\/2026\\\/09\\\/02\\\/queer-bib-talk-in-der-kinder-und-jugendbibliothek\\\/\"},\"author\":{\"name\":\"NMD-Admin\",\"@id\":\"https:\\\/\\\/neues-mitteldeutschland.de\\\/#\\\/schema\\\/person\\\/a035875f548cacf83c2f6b0011631327\"},\"headline\":\"Queer Bib-Talk in der Kinder- und Jugendbibliothek\",\"datePublished\":\"2026-09-02T12:05:54+00:00\",\"mainEntityOfPage\":{\"@id\":\"https:\\\/\\\/neues-mitteldeutschland.de\\\/index.php\\\/2026\\\/09\\\/02\\\/queer-bib-talk-in-der-kinder-und-jugendbibliothek\\\/\"},\"wordCount\":94,\"publisher\":{\"@id\":\"https:\\\/\\\/neues-mitteldeutschland.de\\\/#organization\"},\"image\":{\"@id\":\"https:\\\/\\\/neues-mitteldeutschland.de\\\/index.php\\\/2026\\\/09\\\/02\\\/queer-bib-talk-in-der-kinder-und-jugendbibliothek\\\/#primaryimage\"},\"thumbnailUrl\":\"https:\\\/\\\/www.neues-mitteldeutschland.de\\\/wp-content\\\/uploads\\\/2025\\\/10\\\/Portaleintrag_Erfurt.jpg\",\"articleSection\":[\"Erfurt\"],\"inLanguage\":\"de\"},{\"@type\":\"WebPage\",\"@id\":\"https:\\\/\\\/neues-mitteldeutschland.de\\\/index.php\\\/2026\\\/09\\\/02\\\/queer-bib-talk-in-der-kinder-und-jugendbibliothek\\\/\",\"url\":\"https:\\\/\\\/neues-mitteldeutschland.de\\\/index.php\\\/2026\\\/09\\\/02\\\/queer-bib-talk-in-der-kinder-und-jugendbibliothek\\\/\",\"name\":\"Queer Bib-Talk in der Kinder- und Jugendbibliothek -\",\"isPartOf\":{\"@id\":\"https:\\\/\\\/neues-mitteldeutschland.de\\\/#website\"},\"primaryImageOfPage\":{\"@id\":\"https:\\\/\\\/neues-mitteldeutschland.de\\\/index.php\\\/2026\\\/09\\\/02\\\/queer-bib-talk-in-der-kinder-und-jugendbibliothek\\\/#primaryimage\"},\"image\":{\"@id\":\"https:\\\/\\\/neues-mitteldeutschland.de\\\/index.php\\\/2026\\\/09\\\/02\\\/queer-bib-talk-in-der-kinder-und-jugendbibliothek\\\/#primaryimage\"},\"thumbnailUrl\":\"https:\\\/\\\/www.neues-mitteldeutschland.de\\\/wp-content\\\/uploads\\\/2025\\\/10\\\/Portaleintrag_Erfurt.jpg\",\"datePublished\":\"2026-09-02T12:05:54+00:00\",\"breadcrumb\":{\"@id\":\"https:\\\/\\\/neues-mitteldeutschland.de\\\/index.php\\\/2026\\\/09\\\/02\\\/queer-bib-talk-in-der-kinder-und-jugendbibliothek\\\/#breadcrumb\"},\"inLanguage\":\"de\",\"potentialAction\":[{\"@type\":\"ReadAction\",\"target\":[\"https:\\\/\\\/neues-mitteldeutschland.de\\\/index.php\\\/2026\\\/09\\\/02\\\/queer-bib-talk-in-der-kinder-und-jugendbibliothek\\\/\"]}]},{\"@type\":\"ImageObject\",\"inLanguage\":\"de\",\"@id\":\"https:\\\/\\\/neues-mitteldeutschland.de\\\/index.php\\\/2026\\\/09\\\/02\\\/queer-bib-talk-in-der-kinder-und-jugendbibliothek\\\/#primaryimage\",\"url\":\"https:\\\/\\\/www.neues-mitteldeutschland.de\\\/wp-content\\\/uploads\\\/2025\\\/10\\\/Portaleintrag_Erfurt.jpg\",\"contentUrl\":\"https:\\\/\\\/www.neues-mitteldeutschland.de\\\/wp-content\\\/uploads\\\/2025\\\/10\\\/Portaleintrag_Erfurt.jpg\",\"width\":1200,\"height\":626},{\"@type\":\"BreadcrumbList\",\"@id\":\"https:\\\/\\\/neues-mitteldeutschland.de\\\/index.php\\\/2026\\\/09\\\/02\\\/queer-bib-talk-in-der-kinder-und-jugendbibliothek\\\/#breadcrumb\",\"itemListElement\":[{\"@type\":\"ListItem\",\"position\":1,\"name\":\"Start\",\"item\":\"https:\\\/\\\/neues-mitteldeutschland.de\\\/\"},{\"@type\":\"ListItem\",\"position\":2,\"name\":\"Queer Bib-Talk in der Kinder- und Jugendbibliothek\"}]},{\"@type\":\"WebSite\",\"@id\":\"https:\\\/\\\/neues-mitteldeutschland.de\\\/#website\",\"url\":\"https:\\\/\\\/neues-mitteldeutschland.de\\\/\",\"name\":\"Neues-Mitteldeutschland\",\"description\":\"Ihre Werbeagentur, Nachrichten- &amp; Branchenportal\",\"publisher\":{\"@id\":\"https:\\\/\\\/neues-mitteldeutschland.de\\\/#organization\"},\"potentialAction\":[{\"@type\":\"SearchAction\",\"target\":{\"@type\":\"EntryPoint\",\"urlTemplate\":\"https:\\\/\\\/neues-mitteldeutschland.de\\\/?s={search_term_string}\"},\"query-input\":{\"@type\":\"PropertyValueSpecification\",\"valueRequired\":true,\"valueName\":\"search_term_string\"}}],\"inLanguage\":\"de\"},{\"@type\":\"Organization\",\"@id\":\"https:\\\/\\\/neues-mitteldeutschland.de\\\/#organization\",\"name\":\"Neues-Mitteldeutschland\",\"url\":\"https:\\\/\\\/neues-mitteldeutschland.de\\\/\",\"logo\":{\"@type\":\"ImageObject\",\"inLanguage\":\"de\",\"@id\":\"https:\\\/\\\/neues-mitteldeutschland.de\\\/#\\\/schema\\\/logo\\\/image\\\/\",\"url\":\"https:\\\/\\\/www.neues-mitteldeutschland.de\\\/wp-content\\\/uploads\\\/2026\\\/01\\\/cropped-Logo-Banner.jpg\",\"contentUrl\":\"https:\\\/\\\/www.neues-mitteldeutschland.de\\\/wp-content\\\/uploads\\\/2026\\\/01\\\/cropped-Logo-Banner.jpg\",\"width\":1152,\"height\":170,\"caption\":\"Neues-Mitteldeutschland\"},\"image\":{\"@id\":\"https:\\\/\\\/neues-mitteldeutschland.de\\\/#\\\/schema\\\/logo\\\/image\\\/\"},\"sameAs\":[\"https:\\\/\\\/www.facebook.com\\\/NeuesMitteldeutschland\",\"https:\\\/\\\/www.instagram.com\\\/neues_mitteldeutschland_gc\\\/\"]},{\"@type\":\"Person\",\"@id\":\"https:\\\/\\\/neues-mitteldeutschland.de\\\/#\\\/schema\\\/person\\\/a035875f548cacf83c2f6b0011631327\",\"name\":\"NMD-Admin\",\"image\":{\"@type\":\"ImageObject\",\"inLanguage\":\"de\",\"@id\":\"https:\\\/\\\/secure.gravatar.com\\\/avatar\\\/4c19fba03af26e7fee85b847ac08e68b88b74f1044c942c04173631c7e2607f5?s=96&d=mm&r=g\",\"url\":\"https:\\\/\\\/secure.gravatar.com\\\/avatar\\\/4c19fba03af26e7fee85b847ac08e68b88b74f1044c942c04173631c7e2607f5?s=96&d=mm&r=g\",\"contentUrl\":\"https:\\\/\\\/secure.gravatar.com\\\/avatar\\\/4c19fba03af26e7fee85b847ac08e68b88b74f1044c942c04173631c7e2607f5?s=96&d=mm&r=g\",\"caption\":\"NMD-Admin\"},\"sameAs\":[\"http:\\\/\\\/neuesmitteldeutschland.test\"],\"url\":\"https:\\\/\\\/www.neues-mitteldeutschland.de\\\/index.php\\\/author\\\/nmd-admin\\\/\"}]}<\/script>\n<!-- \/ Yoast SEO plugin. -->","yoast_head_json":{"title":"Queer Bib-Talk in der Kinder- und Jugendbibliothek -","robots":{"index":"index","follow":"follow","max-snippet":"max-snippet:-1","max-image-preview":"max-image-preview:large","max-video-preview":"max-video-preview:-1"},"canonical":"https:\/\/neues-mitteldeutschland.de\/index.php\/2026\/09\/02\/queer-bib-talk-in-der-kinder-und-jugendbibliothek\/","og_locale":"de_DE","og_type":"article","og_title":"Queer Bib-Talk in der Kinder- und Jugendbibliothek -","og_description":"Queer Bib-Talk in der Kinder- und Jugendbibliothek Anl\u00e4sslich des Christopher Street Day, der am 5. September 2026 in Erfurt gefeiert wird, l\u00e4dt die Kinder- und Jugendbibliothek, Marktstra\u00dfe 21, am Donnerstag, dem 10. September 2026 zum 1. Queer Bib-Talk ein. Im gem\u00fctlichen Lesecaf\u00e9 werden f\u00fcr Jugendliche ab 13 Jahren queere Lieblingsb\u00fccher vorgestellt und regen zu einem [&hellip;]","og_url":"https:\/\/neues-mitteldeutschland.de\/index.php\/2026\/09\/02\/queer-bib-talk-in-der-kinder-und-jugendbibliothek\/","article_publisher":"https:\/\/www.facebook.com\/NeuesMitteldeutschland","article_published_time":"2026-09-02T12:05:54+00:00","author":"NMD-Admin","twitter_card":"summary_large_image","twitter_misc":{"Verfasst von":"NMD-Admin","Gesch\u00e4tzte Lesezeit":"1\u00a0Minute"},"schema":{"@context":"https:\/\/schema.org","@graph":[{"@type":"Article","@id":"https:\/\/neues-mitteldeutschland.de\/index.php\/2026\/09\/02\/queer-bib-talk-in-der-kinder-und-jugendbibliothek\/#article","isPartOf":{"@id":"https:\/\/neues-mitteldeutschland.de\/index.php\/2026\/09\/02\/queer-bib-talk-in-der-kinder-und-jugendbibliothek\/"},"author":{"name":"NMD-Admin","@id":"https:\/\/neues-mitteldeutschland.de\/#\/schema\/person\/a035875f548cacf83c2f6b0011631327"},"headline":"Queer Bib-Talk in der Kinder- und Jugendbibliothek","datePublished":"2026-09-02T12:05:54+00:00","mainEntityOfPage":{"@id":"https:\/\/neues-mitteldeutschland.de\/index.php\/2026\/09\/02\/queer-bib-talk-in-der-kinder-und-jugendbibliothek\/"},"wordCount":94,"publisher":{"@id":"https:\/\/neues-mitteldeutschland.de\/#organization"},"image":{"@id":"https:\/\/neues-mitteldeutschland.de\/index.php\/2026\/09\/02\/queer-bib-talk-in-der-kinder-und-jugendbibliothek\/#primaryimage"},"thumbnailUrl":"https:\/\/www.neues-mitteldeutschland.de\/wp-content\/uploads\/2025\/10\/Portaleintrag_Erfurt.jpg","articleSection":["Erfurt"],"inLanguage":"de"},{"@type":"WebPage","@id":"https:\/\/neues-mitteldeutschland.de\/index.php\/2026\/09\/02\/queer-bib-talk-in-der-kinder-und-jugendbibliothek\/","url":"https:\/\/neues-mitteldeutschland.de\/index.php\/2026\/09\/02\/queer-bib-talk-in-der-kinder-und-jugendbibliothek\/","name":"Queer Bib-Talk in der Kinder- und Jugendbibliothek -","isPartOf":{"@id":"https:\/\/neues-mitteldeutschland.de\/#website"},"primaryImageOfPage":{"@id":"https:\/\/neues-mitteldeutschland.de\/index.php\/2026\/09\/02\/queer-bib-talk-in-der-kinder-und-jugendbibliothek\/#primaryimage"},"image":{"@id":"https:\/\/neues-mitteldeutschland.de\/index.php\/2026\/09\/02\/queer-bib-talk-in-der-kinder-und-jugendbibliothek\/#primaryimage"},"thumbnailUrl":"https:\/\/www.neues-mitteldeutschland.de\/wp-content\/uploads\/2025\/10\/Portaleintrag_Erfurt.jpg","datePublished":"2026-09-02T12:05:54+00:00","breadcrumb":{"@id":"https:\/\/neues-mitteldeutschland.de\/index.php\/2026\/09\/02\/queer-bib-talk-in-der-kinder-und-jugendbibliothek\/#breadcrumb"},"inLanguage":"de","potentialAction":[{"@type":"ReadAction","target":["https:\/\/neues-mitteldeutschland.de\/index.php\/2026\/09\/02\/queer-bib-talk-in-der-kinder-und-jugendbibliothek\/"]}]},{"@type":"ImageObject","inLanguage":"de","@id":"https:\/\/neues-mitteldeutschland.de\/index.php\/2026\/09\/02\/queer-bib-talk-in-der-kinder-und-jugendbibliothek\/#primaryimage","url":"https:\/\/www.neues-mitteldeutschland.de\/wp-content\/uploads\/2025\/10\/Portaleintrag_Erfurt.jpg","contentUrl":"https:\/\/www.neues-mitteldeutschland.de\/wp-content\/uploads\/2025\/10\/Portaleintrag_Erfurt.jpg","width":1200,"height":626},{"@type":"BreadcrumbList","@id":"https:\/\/neues-mitteldeutschland.de\/index.php\/2026\/09\/02\/queer-bib-talk-in-der-kinder-und-jugendbibliothek\/#breadcrumb","itemListElement":[{"@type":"ListItem","position":1,"name":"Start","item":"https:\/\/neues-mitteldeutschland.de\/"},{"@type":"ListItem","position":2,"name":"Queer Bib-Talk in der Kinder- und Jugendbibliothek"}]},{"@type":"WebSite","@id":"https:\/\/neues-mitteldeutschland.de\/#website","url":"https:\/\/neues-mitteldeutschland.de\/","name":"Neues-Mitteldeutschland","description":"Ihre Werbeagentur, Nachrichten- &amp; Branchenportal","publisher":{"@id":"https:\/\/neues-mitteldeutschland.de\/#organization"},"potentialAction":[{"@type":"SearchAction","target":{"@type":"EntryPoint","urlTemplate":"https:\/\/neues-mitteldeutschland.de\/?s={search_term_string}"},"query-input":{"@type":"PropertyValueSpecification","valueRequired":true,"valueName":"search_term_string"}}],"inLanguage":"de"},{"@type":"Organization","@id":"https:\/\/neues-mitteldeutschland.de\/#organization","name":"Neues-Mitteldeutschland","url":"https:\/\/neues-mitteldeutschland.de\/","logo":{"@type":"ImageObject","inLanguage":"de","@id":"https:\/\/neues-mitteldeutschland.de\/#\/schema\/logo\/image\/","url":"https:\/\/www.neues-mitteldeutschland.de\/wp-content\/uploads\/2026\/01\/cropped-Logo-Banner.jpg","contentUrl":"https:\/\/www.neues-mitteldeutschland.de\/wp-content\/uploads\/2026\/01\/cropped-Logo-Banner.jpg","width":1152,"height":170,"caption":"Neues-Mitteldeutschland"},"image":{"@id":"https:\/\/neues-mitteldeutschland.de\/#\/schema\/logo\/image\/"},"sameAs":["https:\/\/www.facebook.com\/NeuesMitteldeutschland","https:\/\/www.instagram.com\/neues_mitteldeutschland_gc\/"]},{"@type":"Person","@id":"https:\/\/neues-mitteldeutschland.de\/#\/schema\/person\/a035875f548cacf83c2f6b0011631327","name":"NMD-Admin","image":{"@type":"ImageObject","inLanguage":"de","@id":"https:\/\/secure.gravatar.com\/avatar\/4c19fba03af26e7fee85b847ac08e68b88b74f1044c942c04173631c7e2607f5?s=96&d=mm&r=g","url":"https:\/\/secure.gravatar.com\/avatar\/4c19fba03af26e7fee85b847ac08e68b88b74f1044c942c04173631c7e2607f5?s=96&d=mm&r=g","contentUrl":"https:\/\/secure.gravatar.com\/avatar\/4c19fba03af26e7fee85b847ac08e68b88b74f1044c942c04173631c7e2607f5?s=96&d=mm&r=g","caption":"NMD-Admin"},"sameAs":["http:\/\/neuesmitteldeutschland.test"],"url":"https:\/\/www.neues-mitteldeutschland.de\/index.php\/author\/nmd-admin\/"}]}},"publishpress_future_action":{"enabled":true,"date":"2026-09-11 14:02:27","action":"delete","newStatus":"draft","terms":[0],"taxonomy":"category","extraData":[]},"publishpress_future_workflow_manual_trigger":{"enabledWorkflows":[]},"_links":{"self":[{"href":"https:\/\/www.neues-mitteldeutschland.de\/index.php\/wp-json\/wp\/v2\/posts\/2883","targetHints":{"allow":["GET"]}}],"collection":[{"href":"https:\/\/www.neues-mitteldeutschland.de\/index.php\/wp-json\/wp\/v2\/posts"}],"about":[{"href":"https:\/\/www.neues-mitteldeutschland.de\/index.php\/wp-json\/wp\/v2\/types\/post"}],"author":[{"embeddable":true,"href":"https:\/\/www.neues-mitteldeutschland.de\/index.php\/wp-json\/wp\/v2\/users\/1"}],"replies":[{"embeddable":true,"href":"https:\/\/www.neues-mitteldeutschland.de\/index.php\/wp-json\/wp\/v2\/comments?post=2883"}],"version-history":[{"count":1,"href":"https:\/\/www.neues-mitteldeutschland.de\/index.php\/wp-json\/wp\/v2\/posts\/2883\/revisions"}],"predecessor-version":[{"id":2884,"href":"https:\/\/www.neues-mitteldeutschland.de\/index.php\/wp-json\/wp\/v2\/posts\/2883\/revisions\/2884"}],"wp:featuredmedia":[{"embeddable":true,"href":"https:\/\/www.neues-mitteldeutschland.de\/index.php\/wp-json\/wp\/v2\/media\/135"}],"wp:attachment":[{"href":"https:\/\/www.neues-mitteldeutschland.de\/index.php\/wp-json\/wp\/v2\/media?parent=2883"}],"wp:term":[{"taxonomy":"category","embeddable":true,"href":"https:\/\/www.neues-mitteldeutschland.de\/index.php\/wp-json\/wp\/v2\/categories?post=2883"},{"taxonomy":"post_tag","embeddable":true,"href":"https:\/\/www.neues-mitteldeutschland.de\/index.php\/wp-json\/wp\/v2\/tags?post=2883"}],"curies":[{"name":"wp","href":"https:\/\/api.w.org\/{rel}","templated":true}]}}